{"id":110763,"date":"2023-06-13T17:10:21","date_gmt":"2023-06-13T20:10:21","guid":{"rendered":"https:\/\/tvtecjundiai.com.br\/news\/?p=110763"},"modified":"2023-06-13T17:10:24","modified_gmt":"2023-06-13T20:10:24","slug":"prefeitura-de-jundiai-divulga-comunicado-oficial-sobre-a-febre-maculosa","status":"publish","type":"post","link":"https:\/\/tvtecjundiai.com.br\/news\/2023\/06\/13\/prefeitura-de-jundiai-divulga-comunicado-oficial-sobre-a-febre-maculosa\/","title":{"rendered":"Prefeitura de Jundia\u00ed divulga Comunicado Oficial sobre a febre maculosa"},"content":{"rendered":"\n<p>A Vigil\u00e2ncia Epidemiol\u00f3gica de Jundia\u00ed recebeu, na tarde desta ter\u00e7a-feira (13), do Instituto Adolfo Lutz, da Secretaria de Estado da Sa\u00fade de S\u00e3o Paulo, a confirma\u00e7\u00e3o do diagn\u00f3stico de febre maculosa em um homem de 42 anos residente no Munic\u00edpio.<br><br>O \u00f3bito ocorreu no dia 8 de junho. O paciente foi internado, no dia 7 de junho, em hospital privado da cidade e, considerando os sintomas apresentados, a equipe m\u00e9dica notificou o caso como suspeito de dengue, febre maculosa e leptospirose.<\/p>\n\n\n\n<p>O homem esteve em Campinas em 27 de maio, em local de prov\u00e1vel infec\u00e7\u00e3o. A namorada, moradora da capital, tamb\u00e9m morreu no dia 8, sendo confirmada, na \u00faltima segunda-feira (12), a doen\u00e7a como causa da morte.<\/p>\n\n\n\n<p>Este \u00e9 o primeiro caso registrado de febre maculosa, neste ano, no Munic\u00edpio. Em 2021 e 2022, um caso foi registrado em cada ano, sem \u00f3bitos.<\/p>\n\n\n\n<p>A Prefeitura de Jundia\u00ed, de maneira permanente, realiza trabalho de orienta\u00e7\u00e3o e esclarecimento sobre febre maculosa, visto que a bact\u00e9ria causadora da doen\u00e7a \u00e9 end\u00eamica no Estado de S\u00e3o Paulo.<\/p>\n\n\n\n<p>O manejo permanente em \u00e1reas p\u00fablicas onde h\u00e1 circula\u00e7\u00e3o de animais hospedeiros de carrapatos (capivaras, bois e cavalos) \u00e9 intensificado no per\u00edodo de inverno e seca, quando h\u00e1 maior risco de parasitismo, em decorr\u00eancia da maior presen\u00e7a das formas imaturas desses artr\u00f3podes.<\/p>\n\n\n\n<p>Os espa\u00e7os tamb\u00e9m recebem placas de alerta sobre a ocorr\u00eancia de carrapatos, exigindo a maior aten\u00e7\u00e3o da popula\u00e7\u00e3o. Al\u00e9m disso, periodicamente, a equipe Vigil\u00e2ncia em Sa\u00fade Ambiental acompanha o n\u00edvel de infesta\u00e7\u00e3o por carrapatos nessas \u00e1reas.<\/p>\n\n\n\n<p><strong><em>Fonte \/ Imagem: Prefeitura de Jundia\u00ed<\/em><\/strong><\/p>\n","protected":false},"excerpt":{"rendered":"<p>Este \u00e9 o primeiro caso registrado de febre maculosa, neste ano, no Munic\u00edpio. <\/p>\n","protected":false},"author":30,"featured_media":110764,"comment_status":"closed","ping_status":"0","sticky":false,"template":"","format":"standard","meta":{"footnotes":""},"categories":[8356,1,2839,8355],"tags":[],"class_list":["post-110763","post","type-post","status-publish","format-standard","has-post-thumbnail","hentry","category-jundiai","category-noticias","category-saude","category-saude-3"],"_links":{"self":[{"href":"https:\/\/tvtecjundiai.com.br\/news\/wp-json\/wp\/v2\/posts\/110763","targetHints":{"allow":["GET"]}}],"collection":[{"href":"https:\/\/tvtecjundiai.com.br\/news\/wp-json\/wp\/v2\/posts"}],"about":[{"href":"https:\/\/tvtecjundiai.com.br\/news\/wp-json\/wp\/v2\/types\/post"}],"author":[{"embeddable":true,"href":"https:\/\/tvtecjundiai.com.br\/news\/wp-json\/wp\/v2\/users\/30"}],"replies":[{"embeddable":true,"href":"https:\/\/tvtecjundiai.com.br\/news\/wp-json\/wp\/v2\/comments?post=110763"}],"version-history":[{"count":1,"href":"https:\/\/tvtecjundiai.com.br\/news\/wp-json\/wp\/v2\/posts\/110763\/revisions"}],"predecessor-version":[{"id":110765,"href":"https:\/\/tvtecjundiai.com.br\/news\/wp-json\/wp\/v2\/posts\/110763\/revisions\/110765"}],"wp:featuredmedia":[{"embeddable":true,"href":"https:\/\/tvtecjundiai.com.br\/news\/wp-json\/wp\/v2\/media\/110764"}],"wp:attachment":[{"href":"https:\/\/tvtecjundiai.com.br\/news\/wp-json\/wp\/v2\/media?parent=110763"}],"wp:term":[{"taxonomy":"category","embeddable":true,"href":"https:\/\/tvtecjundiai.com.br\/news\/wp-json\/wp\/v2\/categories?post=110763"},{"taxonomy":"post_tag","embeddable":true,"href":"https:\/\/tvtecjundiai.com.br\/news\/wp-json\/wp\/v2\/tags?post=110763"}],"curies":[{"name":"wp","href":"https:\/\/api.w.org\/{rel}","templated":true}]}}