{"id":110771,"date":"2023-06-14T10:23:21","date_gmt":"2023-06-14T13:23:21","guid":{"rendered":"https:\/\/tvtecjundiai.com.br\/news\/?p=110771"},"modified":"2023-06-14T11:59:04","modified_gmt":"2023-06-14T14:59:04","slug":"detran-sp-e-poupatempo-realizam-neste-sabado-17-mutirao-para-renovacao-de-cnh-2","status":"publish","type":"post","link":"https:\/\/tvtecjundiai.com.br\/news\/2023\/06\/14\/detran-sp-e-poupatempo-realizam-neste-sabado-17-mutirao-para-renovacao-de-cnh-2\/","title":{"rendered":"Detran-SP e Poupatempo realizam neste s\u00e1bado (17) mutir\u00e3o para renova\u00e7\u00e3o de CNH"},"content":{"rendered":"\n<p>O Detran-SP, em parceria com o Poupatempo, promove no pr\u00f3ximo s\u00e1bado (17) o primeiro mutir\u00e3o do m\u00eas de junho para quem precisa regularizar a Carteira Nacional de Habilita\u00e7\u00e3o (CNH). O foco \u00e9 atender motoristas que precisam regularizar a situa\u00e7\u00e3o das habilita\u00e7\u00f5es at\u00e9 o final deste m\u00eas. S\u00e3o casos de condutores que tiveram o documento vencido originalmente em outubro de 2022, cujo prazo de renova\u00e7\u00e3o havia sido estendido, conforme Resolu\u00e7\u00e3o 894\/2021 do Conselho Nacional de Tr\u00e2nsito, em fun\u00e7\u00e3o da pandemia.<\/p>\n\n\n\n<p>Desde o in\u00edcio de 2023, condutores com vencimento da CNH ao longo do ano precisam seguir o cronograma habitual de renova\u00e7\u00e3o, conforme a data prevista em cada documento. Ou seja, quem tem a habilita\u00e7\u00e3o v\u00e1lida em junho deve renovar em, no m\u00e1ximo, 30 dias ap\u00f3s o vencimento. <\/p>\n\n\n\n<p>\u00c9 importante refor\u00e7ar aos motoristas que, em caso de fiscaliza\u00e7\u00e3o de tr\u00e2nsito, n\u00e3o ter regularizado o documento no prazo correto \u00e9 considerada uma infra\u00e7\u00e3o grav\u00edssima, com uma multa no valor de R$ 293,47, al\u00e9m de sete pontos na CNH, conforme determina o C\u00f3digo de Tr\u00e2nsito Brasileiro (CTB).<\/p>\n\n\n<div class=\"wp-block-image\">\n<figure class=\"aligncenter size-full is-resized\"><img loading=\"lazy\" decoding=\"async\" src=\"https:\/\/tvtecjundiai.com.br\/news\/wp-content\/uploads\/sites\/2\/2023\/05\/cnh.jpg\" alt=\"\" class=\"wp-image-109326\" width=\"647\" height=\"429\" srcset=\"https:\/\/tvtecjundiai.com.br\/news\/wp-content\/uploads\/sites\/2\/2023\/05\/cnh.jpg 703w, https:\/\/tvtecjundiai.com.br\/news\/wp-content\/uploads\/sites\/2\/2023\/05\/cnh-300x199.jpg 300w\" sizes=\"auto, (max-width: 647px) 100vw, 647px\" \/><\/figure>\n<\/div>\n\n\n<p><\/p>\n\n\n\n<p>O agendamento para o atendimento presencial no Poupatempo \u00e9 obrigat\u00f3rio e pode ser feito gratuitamente nos canais oficiais do programa \u2013 portal&nbsp;<a rel=\"noreferrer noopener\" href=\"https:\/\/www.detran.sp.gov.br\/wps\/portal\/portaldetran\/cidadao\/noticias\/detalhes\/8718caa3-d740-40c5-b82f-9ee0860ef91e\/!ut\/p\/z1\/tZNNU8IwEIZ_CweOnWybQtNjKbTlo3QK8pWLE9oAUUgBMyr-eiMOOjJKcRxzSTLZd5_smw2iaIqoZI9iyZQoJFvr_YzWbzsp-FFErB7phwGkvRvctSHsQhfQ5BgAPwwPEL1G_xGQDEIXUhInoTW0AGJcph8jimgm1Vat0Gxb7BVb51ztmazCac5EznJWVEEWSmSCPRyP2HrF9Yo4JskYw0bu2GDYkNWMObEWhss5kDrwhWvyN8RWZ0Gzq6InZZ7Ry46967ENQ7dhekBa4wA8MsCB2Uqsk_56S0Oz6YPn2nbc7nQxuLhcT48hl27wNcc3iLIizxG1pqcROE2SMDAT30YzXYXziYCeXYO0abVdh7QwAEaTR8Gf0EgW-41u1OEvHymCc8KZEb75R0KnzGf9t8Tdbkc93cCFVPxZoel_dbBmWfvYj5e6BKZWhpCLAk2vkm43o9GG4IMQxv0gemn0jdCfkwNeLyuVV9uxCbE!\/www.poupatempo.sp.gov.br\" target=\"_blank\">www.poupatempo.sp.gov.br<\/a>, aplicativo Poupatempo Digital, totens de autoatendimento e assistente virtual chamado &#8220;P&#8221;, dispon\u00edvel tamb\u00e9m no WhatsApp pelo n\u00famero (11) 95220-2974.<\/p>\n\n\n\n<p>Para quem n\u00e3o pode comparecer ao mutir\u00e3o, o Detran-SP oferece o servi\u00e7o de renova\u00e7\u00e3o da CNH de forma on-line. O cidad\u00e3o deve acessar os canais digitais (<a rel=\"noreferrer noopener\" href=\"https:\/\/www.detran.sp.gov.br\/\" target=\"_blank\">www.detran.sp.gov.br<\/a>,&nbsp;<a rel=\"noreferrer noopener\" href=\"https:\/\/www.poupatempo.sp.gov.br\/\" target=\"_blank\">www.poupatempo.sp.gov.br<\/a>&nbsp;ou app Poupatempo Digital). Ap\u00f3s confirmar ou atualizar os dados, o motorista agenda e realiza o exame m\u00e9dico na cl\u00ednica indicada pelo sistema.<\/p>\n\n\n\n<p><strong>Mutir\u00e3o para renova\u00e7\u00e3o de CNH <\/strong><\/p>\n\n\n\n<p><strong>Data<\/strong>: s\u00e1bado, dia 17 de junho<\/p>\n\n\n\n<p><strong>Hor\u00e1rio<\/strong>: das 7h \u00e0s 13h ou das 9h \u00e0s 13h, de acordo com unidade escolhida. <\/p>\n\n\n\n<p><strong><em>(Fonte: Assessoria Detran.SP\/Imagem: Canva)<\/em><\/strong><\/p>\n","protected":false},"excerpt":{"rendered":"<p>Objetivo \u00e9 atender motoristas que precisam regularizar o documento at\u00e9 30 de junho<\/p>\n","protected":false},"author":30,"featured_media":109326,"comment_status":"closed","ping_status":"0","sticky":false,"template":"","format":"standard","meta":{"footnotes":""},"categories":[8356,1,6151],"tags":[],"class_list":["post-110771","post","type-post","status-publish","format-standard","has-post-thumbnail","hentry","category-jundiai","category-noticias","category-transito"],"_links":{"self":[{"href":"https:\/\/tvtecjundiai.com.br\/news\/wp-json\/wp\/v2\/posts\/110771","targetHints":{"allow":["GET"]}}],"collection":[{"href":"https:\/\/tvtecjundiai.com.br\/news\/wp-json\/wp\/v2\/posts"}],"about":[{"href":"https:\/\/tvtecjundiai.com.br\/news\/wp-json\/wp\/v2\/types\/post"}],"author":[{"embeddable":true,"href":"https:\/\/tvtecjundiai.com.br\/news\/wp-json\/wp\/v2\/users\/30"}],"replies":[{"embeddable":true,"href":"https:\/\/tvtecjundiai.com.br\/news\/wp-json\/wp\/v2\/comments?post=110771"}],"version-history":[{"count":2,"href":"https:\/\/tvtecjundiai.com.br\/news\/wp-json\/wp\/v2\/posts\/110771\/revisions"}],"predecessor-version":[{"id":110788,"href":"https:\/\/tvtecjundiai.com.br\/news\/wp-json\/wp\/v2\/posts\/110771\/revisions\/110788"}],"wp:featuredmedia":[{"embeddable":true,"href":"https:\/\/tvtecjundiai.com.br\/news\/wp-json\/wp\/v2\/media\/109326"}],"wp:attachment":[{"href":"https:\/\/tvtecjundiai.com.br\/news\/wp-json\/wp\/v2\/media?parent=110771"}],"wp:term":[{"taxonomy":"category","embeddable":true,"href":"https:\/\/tvtecjundiai.com.br\/news\/wp-json\/wp\/v2\/categories?post=110771"},{"taxonomy":"post_tag","embeddable":true,"href":"https:\/\/tvtecjundiai.com.br\/news\/wp-json\/wp\/v2\/tags?post=110771"}],"curies":[{"name":"wp","href":"https:\/\/api.w.org\/{rel}","templated":true}]}}