{"id":110774,"date":"2023-06-14T10:47:13","date_gmt":"2023-06-14T13:47:13","guid":{"rendered":"https:\/\/tvtecjundiai.com.br\/news\/?p=110774"},"modified":"2023-06-14T10:47:14","modified_gmt":"2023-06-14T13:47:14","slug":"6o-conexidades-e-iniciado-no-parque-da-uva","status":"publish","type":"post","link":"https:\/\/tvtecjundiai.com.br\/news\/2023\/06\/14\/6o-conexidades-e-iniciado-no-parque-da-uva\/","title":{"rendered":"6\u00ba Conexidades \u00e9 iniciado no Parque da Uva"},"content":{"rendered":"\n<p>Com sede em Jundia\u00ed, a&nbsp;<a href=\"https:\/\/www.conexidades.com.br\/\">6\u00aa Edi\u00e7\u00e3o do Conexidades<\/a>&nbsp;foi aberta na noite desta ter\u00e7a-feira (13), com a presen\u00e7a do Prefeito Luiz Fernando Machado, gestores municipais, prefeitos e vereadores de v\u00e1rias cidades do pa\u00eds, al\u00e9m do Secret\u00e1rio de Governo e Rela\u00e7\u00f5es Institucionais do Estado de S\u00e3o Paulo, Gilberto Kassab. O Vice-Presidente da Rep\u00fablica, Geraldo Alckmin, e o Senador Marcos Pontes, enviaram v\u00eddeos cumprimentando a realiza\u00e7\u00e3o do evento.<\/p>\n\n\n\n<p>\u201cEstamos muito felizes em receber esse grande evento que \u00e9 o Conexidades. Jundia\u00ed tem a oportunidade de mostrar para todo o pa\u00eds as boas pr\u00e1ticas de gest\u00e3o aplicadas aqui, o que faz da cidade uma das melhores do pa\u00eds em qualidade de vida. Tamb\u00e9m ser\u00e1 oportunidade de estimular o olhar atento para as pol\u00edticas p\u00fablicas da inf\u00e2ncia, com o programa \u2018Jundia\u00ed, Cidade das Crian\u00e7as\u2019, que \u00e9 refer\u00eancia para o Brasil e para o mundo\u201d, afirma o prefeito Luiz Fernando Machado.<\/p>\n\n\n<div class=\"wp-block-image\">\n<figure class=\"aligncenter size-large\"><img loading=\"lazy\" decoding=\"async\" width=\"1200\" height=\"801\" src=\"https:\/\/tvtecjundiai.com.br\/news\/wp-content\/uploads\/sites\/2\/2023\/06\/6o_conexidades_cerimonia_de_abertura_jundiai_pa-179-1-1280x854-1-1200x801.jpg\" alt=\"\" class=\"wp-image-110775\" srcset=\"https:\/\/tvtecjundiai.com.br\/news\/wp-content\/uploads\/sites\/2\/2023\/06\/6o_conexidades_cerimonia_de_abertura_jundiai_pa-179-1-1280x854-1-1200x801.jpg 1200w, https:\/\/tvtecjundiai.com.br\/news\/wp-content\/uploads\/sites\/2\/2023\/06\/6o_conexidades_cerimonia_de_abertura_jundiai_pa-179-1-1280x854-1-300x200.jpg 300w, https:\/\/tvtecjundiai.com.br\/news\/wp-content\/uploads\/sites\/2\/2023\/06\/6o_conexidades_cerimonia_de_abertura_jundiai_pa-179-1-1280x854-1-768x512.jpg 768w, https:\/\/tvtecjundiai.com.br\/news\/wp-content\/uploads\/sites\/2\/2023\/06\/6o_conexidades_cerimonia_de_abertura_jundiai_pa-179-1-1280x854-1.jpg 1280w\" sizes=\"auto, (max-width: 1200px) 100vw, 1200px\" \/><figcaption class=\"wp-element-caption\">Prefeito Luiz Fernando Machado ressaltou a import\u00e2ncia de Jundia\u00ed sediar o Conexidades<\/figcaption><\/figure>\n<\/div>\n\n\n<p>O stand da Prefeitura de Jundia\u00ed est\u00e1 montado no pavilh\u00e3o 2 com uma espa\u00e7o de aproximadamente 400 m\u00b2, onde est\u00e3o divididas atra\u00e7\u00f5es pelas sete plataformas de governo (Sa\u00fade e Qualidade de Vida; Educa\u00e7\u00e3o e Cultura; Governo, Finan\u00e7as e Transpar\u00eancia; Desenvolvimento Sustent\u00e1vel; Inclus\u00e3o e Desenvolvimento Social; Desenvolvimento Econ\u00f4mico, Tecnologia e Emprego; Seguran\u00e7a Municipal e Prote\u00e7\u00e3o do Cidad\u00e3o). Cada um desses espa\u00e7os ter\u00e1 programa\u00e7\u00e3o durante o dia todo. Tamb\u00e9m haver\u00e1 um palco com seis palestras di\u00e1rias com temas voltados aos principais programas do Governo, al\u00e9m de um palco permanente sobre a Cidade das Crian\u00e7as.<\/p>\n\n\n\n<p>\u201cQueria agradecer a Jundia\u00ed por nos receber t\u00e3o bem no Conexidades. Hoje, o que nos persegue \u00e9 a vontade de avan\u00e7armos com moderniza\u00e7\u00e3o. E \u00e9 aqui, com iniciativas que envolvem tecnologia e modernidade, que vamos construir o Brasil\u201d, refor\u00e7ou o Secret\u00e1rio, Gilberto Kassab.<\/p>\n\n\n\n<figure class=\"wp-block-gallery has-nested-images columns-default is-cropped wp-block-gallery-1 is-layout-flex wp-block-gallery-is-layout-flex\">\n<figure class=\"wp-block-image size-large\"><img loading=\"lazy\" decoding=\"async\" width=\"1200\" height=\"801\" data-id=\"110777\" src=\"https:\/\/tvtecjundiai.com.br\/news\/wp-content\/uploads\/sites\/2\/2023\/06\/6o_conexidades_cerimonia_de_abertura_jundiai_pa-182-1280x854-1-1200x801.jpg\" alt=\"\" class=\"wp-image-110777\" srcset=\"https:\/\/tvtecjundiai.com.br\/news\/wp-content\/uploads\/sites\/2\/2023\/06\/6o_conexidades_cerimonia_de_abertura_jundiai_pa-182-1280x854-1-1200x801.jpg 1200w, https:\/\/tvtecjundiai.com.br\/news\/wp-content\/uploads\/sites\/2\/2023\/06\/6o_conexidades_cerimonia_de_abertura_jundiai_pa-182-1280x854-1-300x200.jpg 300w, https:\/\/tvtecjundiai.com.br\/news\/wp-content\/uploads\/sites\/2\/2023\/06\/6o_conexidades_cerimonia_de_abertura_jundiai_pa-182-1280x854-1-768x512.jpg 768w, https:\/\/tvtecjundiai.com.br\/news\/wp-content\/uploads\/sites\/2\/2023\/06\/6o_conexidades_cerimonia_de_abertura_jundiai_pa-182-1280x854-1.jpg 1280w\" sizes=\"auto, (max-width: 1200px) 100vw, 1200px\" \/><figcaption class=\"wp-element-caption\">Gestores, prefeitos e vereadores de diversas cidades do Brasil participaram da abertura do Conexidades<\/figcaption><\/figure>\n\n\n\n<figure class=\"wp-block-image size-large\"><img loading=\"lazy\" decoding=\"async\" width=\"1200\" height=\"801\" data-id=\"110776\" src=\"https:\/\/tvtecjundiai.com.br\/news\/wp-content\/uploads\/sites\/2\/2023\/06\/6o_conexidades_cerimonia_de_abertura_jundiai_pa-201-1-1280x854-1-1200x801.jpg\" alt=\"\" class=\"wp-image-110776\" srcset=\"https:\/\/tvtecjundiai.com.br\/news\/wp-content\/uploads\/sites\/2\/2023\/06\/6o_conexidades_cerimonia_de_abertura_jundiai_pa-201-1-1280x854-1-1200x801.jpg 1200w, https:\/\/tvtecjundiai.com.br\/news\/wp-content\/uploads\/sites\/2\/2023\/06\/6o_conexidades_cerimonia_de_abertura_jundiai_pa-201-1-1280x854-1-300x200.jpg 300w, https:\/\/tvtecjundiai.com.br\/news\/wp-content\/uploads\/sites\/2\/2023\/06\/6o_conexidades_cerimonia_de_abertura_jundiai_pa-201-1-1280x854-1-768x512.jpg 768w, https:\/\/tvtecjundiai.com.br\/news\/wp-content\/uploads\/sites\/2\/2023\/06\/6o_conexidades_cerimonia_de_abertura_jundiai_pa-201-1-1280x854-1.jpg 1280w\" sizes=\"auto, (max-width: 1200px) 100vw, 1200px\" \/><figcaption class=\"wp-element-caption\">Secret\u00e1rio de Governo e Rela\u00e7\u00f5es Institucionais do Estado de S\u00e3o Paulo, Gilberto Kassab<\/figcaption><\/figure>\n<\/figure>\n\n\n\n<p>Al\u00e9m de conferir os estandes e palestras programados sobre as boas pr\u00e1ticas e conex\u00f5es entre o Poder P\u00fablico e a iniciativa privada, quem for ao Parque Comendador Antonio Carbonari (Parque da Uva) at\u00e9 o pr\u00f3ximo s\u00e1bado (17) ter\u00e1 acesso, tamb\u00e9m gratuitamente, a uma s\u00e9rie de atra\u00e7\u00f5es culturais gratuitas preparadas pela Prefeitura para os visitantes. Nesta edi\u00e7\u00e3o tamb\u00e9m haver\u00e1 a premia\u00e7\u00e3o do Pr\u00eamio Top Destinos Tur\u00edsticos. Jundia\u00ed \u00e9 bicampe\u00e3 do concurso (2019 e 2021) e mais uma vez concorre na categoria Turismo Rural.<\/p>\n\n\n\n<p>\u201cO Conexidades proporciona a experi\u00eancia de conhecer tamb\u00e9m as pr\u00e1ticas mais inovadoras de gest\u00e3o p\u00fablica no nosso pa\u00eds. S\u00e3o as cidades compartilhando conosco todas as experi\u00eancias bem-sucedidas\u201d, destacou o prefeito.<\/p>\n\n\n\n<p>Como Jundia\u00ed recicla 100% dos Res\u00edduos de Constru\u00e7\u00e3o Civil, os visitantes poder\u00e3o conhecer a usina de beneficiamento de RCC de Jundia\u00ed. Nos dias 14, 15 e 16, \u00e0s 10h e \u00e0s 15h, \u00f4nibus gratuitos sair\u00e3o do Parque com destino ao Centro de Gerenciamento de Res\u00edduos S\u00f3lidos (Geresol).<\/p>\n\n\n\n<figure class=\"wp-block-gallery has-nested-images columns-default is-cropped wp-block-gallery-2 is-layout-flex wp-block-gallery-is-layout-flex\">\n<figure class=\"wp-block-image size-large\"><img loading=\"lazy\" decoding=\"async\" width=\"1200\" height=\"801\" data-id=\"110779\" src=\"https:\/\/tvtecjundiai.com.br\/news\/wp-content\/uploads\/sites\/2\/2023\/06\/6o_conexidades_cerimonia_de_abertura_jundiai_pa-102-2-1280x854-1-1200x801.jpg\" alt=\"\" class=\"wp-image-110779\" srcset=\"https:\/\/tvtecjundiai.com.br\/news\/wp-content\/uploads\/sites\/2\/2023\/06\/6o_conexidades_cerimonia_de_abertura_jundiai_pa-102-2-1280x854-1-1200x801.jpg 1200w, https:\/\/tvtecjundiai.com.br\/news\/wp-content\/uploads\/sites\/2\/2023\/06\/6o_conexidades_cerimonia_de_abertura_jundiai_pa-102-2-1280x854-1-300x200.jpg 300w, https:\/\/tvtecjundiai.com.br\/news\/wp-content\/uploads\/sites\/2\/2023\/06\/6o_conexidades_cerimonia_de_abertura_jundiai_pa-102-2-1280x854-1-768x512.jpg 768w, https:\/\/tvtecjundiai.com.br\/news\/wp-content\/uploads\/sites\/2\/2023\/06\/6o_conexidades_cerimonia_de_abertura_jundiai_pa-102-2-1280x854-1.jpg 1280w\" sizes=\"auto, (max-width: 1200px) 100vw, 1200px\" \/><figcaption class=\"wp-element-caption\">Sebasti\u00e3o Misiara, presidente da UVESP<\/figcaption><\/figure>\n\n\n\n<figure class=\"wp-block-image size-large\"><img loading=\"lazy\" decoding=\"async\" width=\"1200\" height=\"801\" data-id=\"110778\" src=\"https:\/\/tvtecjundiai.com.br\/news\/wp-content\/uploads\/sites\/2\/2023\/06\/6o_conexidades_cerimonia_de_abertura_jundiai_pa-212-1280x854-1-1200x801.jpg\" alt=\"\" class=\"wp-image-110778\" srcset=\"https:\/\/tvtecjundiai.com.br\/news\/wp-content\/uploads\/sites\/2\/2023\/06\/6o_conexidades_cerimonia_de_abertura_jundiai_pa-212-1280x854-1-1200x801.jpg 1200w, https:\/\/tvtecjundiai.com.br\/news\/wp-content\/uploads\/sites\/2\/2023\/06\/6o_conexidades_cerimonia_de_abertura_jundiai_pa-212-1280x854-1-300x200.jpg 300w, https:\/\/tvtecjundiai.com.br\/news\/wp-content\/uploads\/sites\/2\/2023\/06\/6o_conexidades_cerimonia_de_abertura_jundiai_pa-212-1280x854-1-768x512.jpg 768w, https:\/\/tvtecjundiai.com.br\/news\/wp-content\/uploads\/sites\/2\/2023\/06\/6o_conexidades_cerimonia_de_abertura_jundiai_pa-212-1280x854-1.jpg 1280w\" sizes=\"auto, (max-width: 1200px) 100vw, 1200px\" \/><figcaption class=\"wp-element-caption\">Parque da Uva receber\u00e1 o Conexidades at\u00e9 o pr\u00f3ximo s\u00e1bado<\/figcaption><\/figure>\n<\/figure>\n\n\n\n<p><strong>Conexidades<\/strong><br>O Conexidades \u00e9 organizado pelo MULTIPLICIDADES, com apoio da Uni\u00e3o dos Vereadores do Estado de S\u00e3o Paulo (UVESP). Esta edi\u00e7\u00e3o traz como tema \u201cEduca\u00e7\u00e3o Tecnol\u00f3gica: a ferramenta de transforma\u00e7\u00e3o das cidades\u201d e conta com o apoio da Prefeitura de Jundia\u00ed e da C\u00e2mara Municipal.<\/p>\n\n\n\n<p>O Parque da Uva fica na avenida Jundia\u00ed, s\/n \u2013 Anhangaba\u00fa. Os interessados em participar do Conexidades podem realizar a inscri\u00e7\u00e3o antecipada pelo site da organiza\u00e7\u00e3o. A inscri\u00e7\u00e3o vale at\u00e9 o \u00faltimo dia de atividades. A programa\u00e7\u00e3o completa do evento pode ser conferida\u00a0<a href=\"https:\/\/www.conexidades.com.br\/programacao-6-conexidades\">aqui<\/a>.<\/p>\n\n\n\n<p><strong><em>Fonte \/ Imagem: Prefeitura de Jundia\u00ed<\/em><\/strong><\/p>\n","protected":false},"excerpt":{"rendered":"<p>Gestores, prefeitos e vereadores de diversas cidades do Brasil participaram da abertura do Conexidades<\/p>\n","protected":false},"author":30,"featured_media":110779,"comment_status":"closed","ping_status":"0","sticky":false,"template":"","format":"standard","meta":{"footnotes":""},"categories":[8356,1],"tags":[],"class_list":["post-110774","post","type-post","status-publish","format-standard","has-post-thumbnail","hentry","category-jundiai","category-noticias"],"_links":{"self":[{"href":"https:\/\/tvtecjundiai.com.br\/news\/wp-json\/wp\/v2\/posts\/110774","targetHints":{"allow":["GET"]}}],"collection":[{"href":"https:\/\/tvtecjundiai.com.br\/news\/wp-json\/wp\/v2\/posts"}],"about":[{"href":"https:\/\/tvtecjundiai.com.br\/news\/wp-json\/wp\/v2\/types\/post"}],"author":[{"embeddable":true,"href":"https:\/\/tvtecjundiai.com.br\/news\/wp-json\/wp\/v2\/users\/30"}],"replies":[{"embeddable":true,"href":"https:\/\/tvtecjundiai.com.br\/news\/wp-json\/wp\/v2\/comments?post=110774"}],"version-history":[{"count":1,"href":"https:\/\/tvtecjundiai.com.br\/news\/wp-json\/wp\/v2\/posts\/110774\/revisions"}],"predecessor-version":[{"id":110780,"href":"https:\/\/tvtecjundiai.com.br\/news\/wp-json\/wp\/v2\/posts\/110774\/revisions\/110780"}],"wp:featuredmedia":[{"embeddable":true,"href":"https:\/\/tvtecjundiai.com.br\/news\/wp-json\/wp\/v2\/media\/110779"}],"wp:attachment":[{"href":"https:\/\/tvtecjundiai.com.br\/news\/wp-json\/wp\/v2\/media?parent=110774"}],"wp:term":[{"taxonomy":"category","embeddable":true,"href":"https:\/\/tvtecjundiai.com.br\/news\/wp-json\/wp\/v2\/categories?post=110774"},{"taxonomy":"post_tag","embeddable":true,"href":"https:\/\/tvtecjundiai.com.br\/news\/wp-json\/wp\/v2\/tags?post=110774"}],"curies":[{"name":"wp","href":"https:\/\/api.w.org\/{rel}","templated":true}]}}