{"id":110798,"date":"2023-06-14T14:26:32","date_gmt":"2023-06-14T17:26:32","guid":{"rendered":"https:\/\/tvtecjundiai.com.br\/news\/?p=110798"},"modified":"2023-06-14T14:26:32","modified_gmt":"2023-06-14T17:26:32","slug":"prefeitura-e-sebrae-disponibilizam-ingressos-e-transporte-para-a-hortitec-2023-em-holambra","status":"publish","type":"post","link":"https:\/\/tvtecjundiai.com.br\/news\/2023\/06\/14\/prefeitura-e-sebrae-disponibilizam-ingressos-e-transporte-para-a-hortitec-2023-em-holambra\/","title":{"rendered":"Prefeitura e Sebrae disponibilizam ingressos e transporte para a Hortitec 2023 em Holambra"},"content":{"rendered":"\n<p>A Prefeitura de Jundia\u00ed, por meio da&nbsp;<a href=\"https:\/\/jundiai.sp.gov.br\/agronegocio-abastecimento-e-turismo\/\">Unidade de Gest\u00e3o de Agroneg\u00f3cio, Abastecimento e Turismo (UGAAT)<\/a>, e o Sebrae ir\u00e3o disponibilizar ingressos e transporte gratuitos para produtores rurais da cidade que desejarem participar da Hortitec 2023, em Holambra, que ser\u00e1 realizada entre 21 e 23 de junho. A feira \u00e9 uma das mais importantes do Brasil para o segmento do agroneg\u00f3cio.<\/p>\n\n\n\n<p>\u201cParticipar da feira \u00e9 uma oportunidade para o agricultor acompanhar as tend\u00eancias e se aproximar das novidades em produtos, materiais, equipamentos e at\u00e9 mesmo servi\u00e7os do setor\u201d, destacou a diretora do Departamento de Agroneg\u00f3cios de Jundia\u00ed, Isabel Harder.<\/p>\n\n\n<div class=\"wp-block-image\">\n<figure class=\"aligncenter size-large is-resized\"><img loading=\"lazy\" decoding=\"async\" src=\"https:\/\/tvtecjundiai.com.br\/news\/wp-content\/uploads\/sites\/2\/2023\/06\/produtor-rural_uva_m_-55-1-1280x854-3-1200x801.jpg\" alt=\"\" class=\"wp-image-110801\" width=\"840\" height=\"560\" srcset=\"https:\/\/tvtecjundiai.com.br\/news\/wp-content\/uploads\/sites\/2\/2023\/06\/produtor-rural_uva_m_-55-1-1280x854-3-1200x801.jpg 1200w, https:\/\/tvtecjundiai.com.br\/news\/wp-content\/uploads\/sites\/2\/2023\/06\/produtor-rural_uva_m_-55-1-1280x854-3-300x200.jpg 300w, https:\/\/tvtecjundiai.com.br\/news\/wp-content\/uploads\/sites\/2\/2023\/06\/produtor-rural_uva_m_-55-1-1280x854-3-768x512.jpg 768w, https:\/\/tvtecjundiai.com.br\/news\/wp-content\/uploads\/sites\/2\/2023\/06\/produtor-rural_uva_m_-55-1-1280x854-3.jpg 1280w\" sizes=\"auto, (max-width: 840px) 100vw, 840px\" \/><figcaption class=\"wp-element-caption\">Produtores rurais de Jundia\u00ed poder\u00e3o participar da Hortitec 2023, com apoio da Prefeitura e do Sebrae<\/figcaption><\/figure>\n<\/div>\n\n\n<p>A cidade tamb\u00e9m ter\u00e1 participa\u00e7\u00e3o na Hortitec 2023. O Presidente da Associa\u00e7\u00e3o Agr\u00edcola de Jundia\u00ed, Ren\u00ea Tomasetto, estar\u00e1 no estande do Sebrae na feira, no dia 22 de junho, \u00e0s 11h, falando sobre a Indica\u00e7\u00e3o Geogr\u00e1fica da Uva Niagara Rosada de Jundiahy. \u201cTeremos o protagonismo de apresentar a IG da primeira fruta do Estado de S\u00e3o Paulo numa importante Feira do Agroneg\u00f3cio Nacional, a nossa Niagara Rosada de Jundiahy\u201d, refor\u00e7ou o gestor de Agroneg\u00f3cio, Abastecimento e Turismo, Eduardo Alvarez.<\/p>\n\n\n\n<p>Ser\u00e3o disponibilizados 40 lugares. A visita est\u00e1 programada para o dia 22 de junho (quinta-feira), com sa\u00edda \u00e0s 8h, do Pa\u00e7o Municipal, e retorno previsto \u00e0s 18h, no mesmo local. As inscri\u00e7\u00f5es dever\u00e3o ser feitas at\u00e9 o dia 20 de junho por este\u00a0<a href=\"https:\/\/forms.office.com\/pages\/responsepage.aspx?id=XLVgbXYlYE2uMxHfDqB5g55ker7erWNHhD-VB6KVVMtUMVRMS1FSQ0FWRVVQWENXUEVHNVA3VEE4Ny4u\">link<\/a>.<\/p>\n\n\n\n<p><strong><em>Fonte \/ Imagem: Prefeitura de Jundia\u00ed<\/em><\/strong><\/p>\n","protected":false},"excerpt":{"rendered":"<p>Produtores rurais de Jundia\u00ed poder\u00e3o participar da Hortitec 2023, com apoio da Prefeitura e do Sebrae<\/p>\n","protected":false},"author":30,"featured_media":110801,"comment_status":"closed","ping_status":"0","sticky":false,"template":"","format":"standard","meta":{"footnotes":""},"categories":[8358,8356,1],"tags":[],"class_list":["post-110798","post","type-post","status-publish","format-standard","has-post-thumbnail","hentry","category-agricultura","category-jundiai","category-noticias"],"_links":{"self":[{"href":"https:\/\/tvtecjundiai.com.br\/news\/wp-json\/wp\/v2\/posts\/110798","targetHints":{"allow":["GET"]}}],"collection":[{"href":"https:\/\/tvtecjundiai.com.br\/news\/wp-json\/wp\/v2\/posts"}],"about":[{"href":"https:\/\/tvtecjundiai.com.br\/news\/wp-json\/wp\/v2\/types\/post"}],"author":[{"embeddable":true,"href":"https:\/\/tvtecjundiai.com.br\/news\/wp-json\/wp\/v2\/users\/30"}],"replies":[{"embeddable":true,"href":"https:\/\/tvtecjundiai.com.br\/news\/wp-json\/wp\/v2\/comments?post=110798"}],"version-history":[{"count":1,"href":"https:\/\/tvtecjundiai.com.br\/news\/wp-json\/wp\/v2\/posts\/110798\/revisions"}],"predecessor-version":[{"id":110802,"href":"https:\/\/tvtecjundiai.com.br\/news\/wp-json\/wp\/v2\/posts\/110798\/revisions\/110802"}],"wp:featuredmedia":[{"embeddable":true,"href":"https:\/\/tvtecjundiai.com.br\/news\/wp-json\/wp\/v2\/media\/110801"}],"wp:attachment":[{"href":"https:\/\/tvtecjundiai.com.br\/news\/wp-json\/wp\/v2\/media?parent=110798"}],"wp:term":[{"taxonomy":"category","embeddable":true,"href":"https:\/\/tvtecjundiai.com.br\/news\/wp-json\/wp\/v2\/categories?post=110798"},{"taxonomy":"post_tag","embeddable":true,"href":"https:\/\/tvtecjundiai.com.br\/news\/wp-json\/wp\/v2\/tags?post=110798"}],"curies":[{"name":"wp","href":"https:\/\/api.w.org\/{rel}","templated":true}]}}