{"id":110803,"date":"2023-06-14T14:33:00","date_gmt":"2023-06-14T17:33:00","guid":{"rendered":"https:\/\/tvtecjundiai.com.br\/news\/?p=110803"},"modified":"2023-06-14T14:33:01","modified_gmt":"2023-06-14T17:33:01","slug":"espaco-cultura-traz-novas-propostas-formativas-virtuais-para-o-encontro-desta-quarta-14","status":"publish","type":"post","link":"https:\/\/tvtecjundiai.com.br\/news\/2023\/06\/14\/espaco-cultura-traz-novas-propostas-formativas-virtuais-para-o-encontro-desta-quarta-14\/","title":{"rendered":"\u201cEspa\u00e7o Cultura\u201d traz novas propostas formativas virtuais para o encontro desta quarta (14)"},"content":{"rendered":"\n<p>A Live: \u201cEspa\u00e7o Cultura\u201d uma iniciativa da Unidade de Gest\u00e3o de Cultura (UGC) realizada semanalmente pela Diretoria de Cultura, \u00e0s quartas-feiras, com transmiss\u00e3o nos canais da UGC, no Facebook e YouTube, das 16h \u00e0s 17h, chega nesta semana, com tr\u00eas novos projetos art\u00edsticos contemplados em 2021 pelos editais municipais da Lei de Emerg\u00eancia Cultural Aldir Blanc,&nbsp;dos cerca de 210 selecionados.<\/p>\n\n\n\n<p>Na oportunidade, ser\u00e1 apresentado para artistas e outros trabalhadores de Cultura, bem como para o p\u00fablico em geral, projetos de Propostas Formativas Virtuais dos artistas: Giovanna Vasconcellos Gozz<em>o\u00a0<\/em>Fracascio, Matheus Pereira Mota e Pedro Ticher Ferreira Leite.<\/p>\n\n\n\n<figure class=\"wp-block-gallery has-nested-images columns-default is-cropped wp-block-gallery-1 is-layout-flex wp-block-gallery-is-layout-flex\">\n<figure class=\"wp-block-image size-large\"><img loading=\"lazy\" decoding=\"async\" width=\"1200\" height=\"632\" data-id=\"110807\" src=\"https:\/\/tvtecjundiai.com.br\/news\/wp-content\/uploads\/sites\/2\/2023\/06\/live-cultura-1-5-1200x632.png\" alt=\"\" class=\"wp-image-110807\" srcset=\"https:\/\/tvtecjundiai.com.br\/news\/wp-content\/uploads\/sites\/2\/2023\/06\/live-cultura-1-5-1200x632.png 1200w, https:\/\/tvtecjundiai.com.br\/news\/wp-content\/uploads\/sites\/2\/2023\/06\/live-cultura-1-5-300x158.png 300w, https:\/\/tvtecjundiai.com.br\/news\/wp-content\/uploads\/sites\/2\/2023\/06\/live-cultura-1-5-768x404.png 768w, https:\/\/tvtecjundiai.com.br\/news\/wp-content\/uploads\/sites\/2\/2023\/06\/live-cultura-1-5.png 1280w\" sizes=\"auto, (max-width: 1200px) 100vw, 1200px\" \/><figcaption class=\"wp-element-caption\">Giovanna Vasconcellos Gozzo Fracascio<\/figcaption><\/figure>\n\n\n\n<figure class=\"wp-block-image size-large\"><img loading=\"lazy\" decoding=\"async\" width=\"300\" height=\"167\" data-id=\"110806\" src=\"https:\/\/tvtecjundiai.com.br\/news\/wp-content\/uploads\/sites\/2\/2023\/06\/live-cultura-3-2-300x167-1.png\" alt=\"\" class=\"wp-image-110806\" \/><figcaption class=\"wp-element-caption\">Matheus Pereira Mota<\/figcaption><\/figure>\n\n\n\n<figure class=\"wp-block-image size-large\"><img loading=\"lazy\" decoding=\"async\" width=\"1200\" height=\"657\" data-id=\"110805\" src=\"https:\/\/tvtecjundiai.com.br\/news\/wp-content\/uploads\/sites\/2\/2023\/06\/live-cultura-6-1200x657.png\" alt=\"\" class=\"wp-image-110805\" srcset=\"https:\/\/tvtecjundiai.com.br\/news\/wp-content\/uploads\/sites\/2\/2023\/06\/live-cultura-6-1200x657.png 1200w, https:\/\/tvtecjundiai.com.br\/news\/wp-content\/uploads\/sites\/2\/2023\/06\/live-cultura-6-300x164.png 300w, https:\/\/tvtecjundiai.com.br\/news\/wp-content\/uploads\/sites\/2\/2023\/06\/live-cultura-6-768x421.png 768w, https:\/\/tvtecjundiai.com.br\/news\/wp-content\/uploads\/sites\/2\/2023\/06\/live-cultura-6.png 1280w\" sizes=\"auto, (max-width: 1200px) 100vw, 1200px\" \/><figcaption class=\"wp-element-caption\">Pedro Ticher Ferreira Leite<\/figcaption><\/figure>\n<\/figure>\n\n\n\n<p>Segundo o diretor de Cultura, Jo\u00e3o Carlos de Luca, a proposta das lives \u00e9 a cada encontro disponibilizar os projetos contemplados, n\u00e3o s\u00f3 para divulgar os artistas e suas propostas, mas tamb\u00e9m promover o interc\u00e2mbio entre artistas de segmentos diferentes, gerando assim, uma reflex\u00e3o atualizada da produ\u00e7\u00e3o cultural em Jundia\u00ed. \u201cNesta live, vou abordar o Edital do Festival de M\u00fasica de Jundia\u00ed 2023 e esclarecer d\u00favidas gerais, incluindo o Cadastro de Artistas e Projetos\u201d, finalizou o diretor.<\/p>\n\n\n\n<p><strong>Os Projetos<\/strong><\/p>\n\n\n\n<p>Os v\u00eddeos dos projetos que ser\u00e3o apresentados essa semana s\u00e3o:<\/p>\n\n\n\n<p><strong>\u2018\u2019Moda e Arte \u2013 Reutiliza\u00e7\u00e3o e Acessibilidade\u2019\u2019<\/strong>\u2013 Propostas Formativas Virtuais, com Giovanna Vasconcellos Gozz<em>o\u00a0<\/em>Fracascio. Esse \u2018\u2019podcast\u2019\u2019 mostra a rotina de garimpos de pe\u00e7as e objetos que comp\u00f5em os suportes art\u00edsticos das obras da artista pl\u00e1stica e arte educadora GIKA. Suas principais inspira\u00e7\u00f5es s\u00e3o materiais fora do convencional e busca da identidade visual, em cada cria\u00e7\u00e3o. Por meio de t\u00e9cnicas e m\u00e9todos de desbloqueio criativo, prop\u00f5e uma imers\u00e3o a novas metodologias e suportes n\u00e3o convencionais, ampliando meios do fazer art\u00edstico.<\/p>\n\n\n<div class=\"wp-block-image\">\n<figure class=\"aligncenter size-large is-resized\"><img loading=\"lazy\" decoding=\"async\" src=\"https:\/\/tvtecjundiai.com.br\/news\/wp-content\/uploads\/sites\/2\/2023\/06\/live-cultura-2-1-1200x683.png\" alt=\"\" class=\"wp-image-110808\" width=\"718\" height=\"409\" srcset=\"https:\/\/tvtecjundiai.com.br\/news\/wp-content\/uploads\/sites\/2\/2023\/06\/live-cultura-2-1-1200x683.png 1200w, https:\/\/tvtecjundiai.com.br\/news\/wp-content\/uploads\/sites\/2\/2023\/06\/live-cultura-2-1-300x171.png 300w, https:\/\/tvtecjundiai.com.br\/news\/wp-content\/uploads\/sites\/2\/2023\/06\/live-cultura-2-1-768x437.png 768w, https:\/\/tvtecjundiai.com.br\/news\/wp-content\/uploads\/sites\/2\/2023\/06\/live-cultura-2-1.png 1280w\" sizes=\"auto, (max-width: 718px) 100vw, 718px\" \/><\/figure>\n<\/div>\n\n\n<p><strong>\u201cCaracteriza\u00e7\u00e3o na Maquiagem\u201d<\/strong>\u00a0\u2013 Propostas Formativas Virtuais com Matheus Pereira Mota. Sendo de grande ajuda para maquiadores que queiram se aprofundar no conhecimento de caracteriza\u00e7\u00e3o, ser\u00e1 mostrado todo o processo atrav\u00e9s de uma v\u00eddeo aula, que consiste por meio da maquiagem a cria\u00e7\u00e3o de uma persona idosa. Por meio de t\u00e9cnicas de luz e sombra criadas com produtos cosm\u00e9ticos \u00e9 poss\u00edvel criar-se reprodu\u00e7\u00f5es de formatos de rosto diferentes e rugas, ent\u00e3o se baseando nesse princ\u00edpio ser\u00e1 demonstrado t\u00e9cnicas utilizadas para cria\u00e7\u00e3o desta ilus\u00e3o, locais da face onde a ilus\u00e3o de rugas traz mais veracidade ao personagem, e ao longo de todo o processo sempre ser\u00e1 mostrado as tonalidades e produtos que s\u00e3o utilizados para cria\u00e7\u00e3o da caracteriza\u00e7\u00e3o de uma persona idosa.<\/p>\n\n\n<div class=\"wp-block-image\">\n<figure class=\"aligncenter size-large is-resized\"><img loading=\"lazy\" decoding=\"async\" src=\"https:\/\/tvtecjundiai.com.br\/news\/wp-content\/uploads\/sites\/2\/2023\/06\/live-cultura-5-1200x678.png\" alt=\"\" class=\"wp-image-110809\" width=\"688\" height=\"388\" srcset=\"https:\/\/tvtecjundiai.com.br\/news\/wp-content\/uploads\/sites\/2\/2023\/06\/live-cultura-5-1200x678.png 1200w, https:\/\/tvtecjundiai.com.br\/news\/wp-content\/uploads\/sites\/2\/2023\/06\/live-cultura-5-300x169.png 300w, https:\/\/tvtecjundiai.com.br\/news\/wp-content\/uploads\/sites\/2\/2023\/06\/live-cultura-5-768x434.png 768w, https:\/\/tvtecjundiai.com.br\/news\/wp-content\/uploads\/sites\/2\/2023\/06\/live-cultura-5.png 1280w\" sizes=\"auto, (max-width: 688px) 100vw, 688px\" \/><\/figure>\n<\/div>\n\n\n<p><strong>\u201cAdere\u00e7os para Caracteriza\u00e7\u00e3o\u201d\u00a0<\/strong>\u2013 Propostas Formativas Virtuais com Pedro Ticher Ferreira Leite. Este projeto ser\u00e1 em formato de v\u00eddeo, demonstrando todo o passo a passo para cria\u00e7\u00e3o do adere\u00e7o c\u00eanico, sendo nesta aula o desenvolvimento de dois modelos de chifres. Sendo de grande ajuda para maquiadores que queiram se aprofundar no conhecimento de caracteriza\u00e7\u00e3o, ser\u00e1 mostrado todo o processo, que consiste em cria\u00e7\u00e3o de um esqueleto para definir sustenta\u00e7\u00e3o ao chifre, aplica\u00e7\u00e3o de massa de EVA para a modelagem do adere\u00e7o. Seguindo para o processo de esculpir o formato desejado. Finalizando com t\u00e9cnicas de pintura para trazer realismo, e selagem desta pintura.<\/p>\n\n\n\n<p><strong><em>Fonte \/ Imagem: Prefeitura de Jundia\u00ed<\/em><\/strong><\/p>\n","protected":false},"excerpt":{"rendered":"<p>A Live: \u201cEspa\u00e7o Cultura\u201d \u00e9 realizada \u00e0s quartas-feiras, com transmiss\u00e3o no Facebook e YouTube, das 16h \u00e0s 17h<\/p>\n","protected":false},"author":30,"featured_media":110808,"comment_status":"closed","ping_status":"0","sticky":false,"template":"","format":"standard","meta":{"footnotes":""},"categories":[2833,8356,1],"tags":[],"class_list":["post-110803","post","type-post","status-publish","format-standard","has-post-thumbnail","hentry","category-cultura","category-jundiai","category-noticias"],"_links":{"self":[{"href":"https:\/\/tvtecjundiai.com.br\/news\/wp-json\/wp\/v2\/posts\/110803","targetHints":{"allow":["GET"]}}],"collection":[{"href":"https:\/\/tvtecjundiai.com.br\/news\/wp-json\/wp\/v2\/posts"}],"about":[{"href":"https:\/\/tvtecjundiai.com.br\/news\/wp-json\/wp\/v2\/types\/post"}],"author":[{"embeddable":true,"href":"https:\/\/tvtecjundiai.com.br\/news\/wp-json\/wp\/v2\/users\/30"}],"replies":[{"embeddable":true,"href":"https:\/\/tvtecjundiai.com.br\/news\/wp-json\/wp\/v2\/comments?post=110803"}],"version-history":[{"count":1,"href":"https:\/\/tvtecjundiai.com.br\/news\/wp-json\/wp\/v2\/posts\/110803\/revisions"}],"predecessor-version":[{"id":110812,"href":"https:\/\/tvtecjundiai.com.br\/news\/wp-json\/wp\/v2\/posts\/110803\/revisions\/110812"}],"wp:featuredmedia":[{"embeddable":true,"href":"https:\/\/tvtecjundiai.com.br\/news\/wp-json\/wp\/v2\/media\/110808"}],"wp:attachment":[{"href":"https:\/\/tvtecjundiai.com.br\/news\/wp-json\/wp\/v2\/media?parent=110803"}],"wp:term":[{"taxonomy":"category","embeddable":true,"href":"https:\/\/tvtecjundiai.com.br\/news\/wp-json\/wp\/v2\/categories?post=110803"},{"taxonomy":"post_tag","embeddable":true,"href":"https:\/\/tvtecjundiai.com.br\/news\/wp-json\/wp\/v2\/tags?post=110803"}],"curies":[{"name":"wp","href":"https:\/\/api.w.org\/{rel}","templated":true}]}}