{"id":110814,"date":"2023-06-14T15:06:47","date_gmt":"2023-06-14T18:06:47","guid":{"rendered":"https:\/\/tvtecjundiai.com.br\/news\/?p=110814"},"modified":"2023-06-14T15:06:48","modified_gmt":"2023-06-14T18:06:48","slug":"jundiai-empreendedora-esta-com-mais-de-2-mil-vagas-de-emprego-disponiveis-3","status":"publish","type":"post","link":"https:\/\/tvtecjundiai.com.br\/news\/2023\/06\/14\/jundiai-empreendedora-esta-com-mais-de-2-mil-vagas-de-emprego-disponiveis-3\/","title":{"rendered":"Jundia\u00ed Empreendedora est\u00e1 com mais de 2 mil vagas de emprego dispon\u00edveis"},"content":{"rendered":"\n<p>Nesta quarta-feira (14), o Portal Jundia\u00ed Empreendedora da Prefeitura de Jundia\u00ed est\u00e1 com 2.042 vagas de emprego dispon\u00edveis, inclusive oportunidades espec\u00edficas para pessoas com defici\u00eancia (PCD). <\/p>\n\n\n\n<p>As vagas s\u00e3o para cargos de auxiliares, ajudantes, t\u00e9cnicos e assistentes em diferentes empresas, como hipermercados, restaurantes, lojas e multinacionais.<\/p>\n\n\n<div class=\"wp-block-image\">\n<figure class=\"aligncenter size-full is-resized\"><img loading=\"lazy\" decoding=\"async\" src=\"https:\/\/tvtecjundiai.com.br\/news\/wp-content\/uploads\/sites\/2\/2023\/06\/espaco-jundiai-empreendedora_c_-44-768x512-1.jpg\" alt=\"\" class=\"wp-image-110820\" width=\"632\" height=\"421\" srcset=\"https:\/\/tvtecjundiai.com.br\/news\/wp-content\/uploads\/sites\/2\/2023\/06\/espaco-jundiai-empreendedora_c_-44-768x512-1.jpg 768w, https:\/\/tvtecjundiai.com.br\/news\/wp-content\/uploads\/sites\/2\/2023\/06\/espaco-jundiai-empreendedora_c_-44-768x512-1-300x200.jpg 300w\" sizes=\"auto, (max-width: 632px) 100vw, 632px\" \/><\/figure>\n<\/div>\n\n\n<p><\/p>\n\n\n\n<p>Os interessados devem acessar o\u00a0<a href=\"https:\/\/web.jundiai.sp.gov.br\/PMJ\/emprega\/Vaga\">portal Jundia\u00ed Empreendedora<\/a>, que tem todas as informa\u00e7\u00f5es: cargo, nome da empresa, n\u00famero de vagas dispon\u00edveis e detalhes como hor\u00e1rio de trabalho e atividades da fun\u00e7\u00e3o. Basta se cadastrar e depois clicar em \u201cCandidatar-se\u201d.<\/p>\n\n\n\n<p>Quem n\u00e3o conseguir se cadastrar via portal e precisar de aux\u00edlio pode agendar atendimento no Espa\u00e7o Jundia\u00ed Empreendedora para fazer e cadastrar o curr\u00edculo pelo\u00a0link\u00a0<a href=\"https:\/\/negocios.jundiai.sp.gov.br\/espaco-jundiai-empreendedora\/\">https:\/\/negocios.jundiai.sp.gov.br\/espaco-jundiai-empreendedora\/<\/a>.<\/p>\n\n\n\n<p><strong><em>(Fonte: TVTEC Jundia\u00ed\/Imagem: Prefeitura de Jundia\u00ed)<\/em><\/strong><\/p>\n","protected":false},"excerpt":{"rendered":"<p>As oportunidades s\u00e3o para cargos de auxiliares, ajudantes, t\u00e9cnicos e assistentes em v\u00e1rias empresas<\/p>\n","protected":false},"author":30,"featured_media":110820,"comment_status":"closed","ping_status":"0","sticky":false,"template":"","format":"standard","meta":{"footnotes":""},"categories":[1],"tags":[],"class_list":["post-110814","post","type-post","status-publish","format-standard","has-post-thumbnail","hentry","category-noticias"],"_links":{"self":[{"href":"https:\/\/tvtecjundiai.com.br\/news\/wp-json\/wp\/v2\/posts\/110814","targetHints":{"allow":["GET"]}}],"collection":[{"href":"https:\/\/tvtecjundiai.com.br\/news\/wp-json\/wp\/v2\/posts"}],"about":[{"href":"https:\/\/tvtecjundiai.com.br\/news\/wp-json\/wp\/v2\/types\/post"}],"author":[{"embeddable":true,"href":"https:\/\/tvtecjundiai.com.br\/news\/wp-json\/wp\/v2\/users\/30"}],"replies":[{"embeddable":true,"href":"https:\/\/tvtecjundiai.com.br\/news\/wp-json\/wp\/v2\/comments?post=110814"}],"version-history":[{"count":2,"href":"https:\/\/tvtecjundiai.com.br\/news\/wp-json\/wp\/v2\/posts\/110814\/revisions"}],"predecessor-version":[{"id":110821,"href":"https:\/\/tvtecjundiai.com.br\/news\/wp-json\/wp\/v2\/posts\/110814\/revisions\/110821"}],"wp:featuredmedia":[{"embeddable":true,"href":"https:\/\/tvtecjundiai.com.br\/news\/wp-json\/wp\/v2\/media\/110820"}],"wp:attachment":[{"href":"https:\/\/tvtecjundiai.com.br\/news\/wp-json\/wp\/v2\/media?parent=110814"}],"wp:term":[{"taxonomy":"category","embeddable":true,"href":"https:\/\/tvtecjundiai.com.br\/news\/wp-json\/wp\/v2\/categories?post=110814"},{"taxonomy":"post_tag","embeddable":true,"href":"https:\/\/tvtecjundiai.com.br\/news\/wp-json\/wp\/v2\/tags?post=110814"}],"curies":[{"name":"wp","href":"https:\/\/api.w.org\/{rel}","templated":true}]}}