{"id":110822,"date":"2023-06-14T16:57:03","date_gmt":"2023-06-14T19:57:03","guid":{"rendered":"https:\/\/tvtecjundiai.com.br\/news\/?p=110822"},"modified":"2023-06-14T16:57:04","modified_gmt":"2023-06-14T19:57:04","slug":"6o-conexidades-tambem-tem-programacao-voltada-para-as-primeiras-damas","status":"publish","type":"post","link":"https:\/\/tvtecjundiai.com.br\/news\/2023\/06\/14\/6o-conexidades-tambem-tem-programacao-voltada-para-as-primeiras-damas\/","title":{"rendered":"6\u00ba Conexidades tamb\u00e9m tem programa\u00e7\u00e3o voltada para as primeiras-damas"},"content":{"rendered":"\n<p>Reconhecido por sua voca\u00e7\u00e3o voltada \u00e0 qualifica\u00e7\u00e3o profissional gratuita, o Fundo Social de Solidariedade de Jundia\u00ed (Funss) sediou, na manh\u00e3 desta quarta-feira (14), a abertura do Conexidades Mulher, cuja programa\u00e7\u00e3o especial \u00e9 voltada para as primeiras-damas dos munic\u00edpios participantes.<\/p>\n\n\n\n<p>Acompanhada do prefeito Luiz Fernando Machado, a primeira-dama e presidente do Funss, Vanessa Machado, recepcionou as convidadas. \u201cEm nosso munic\u00edpio, o Fundo Social \u00e9 o lugar de fomento \u00e0 gera\u00e7\u00e3o de renda e emprego por meio do conhecimento. Por isso, \u00e9 uma grande alegria compartilhar as nossas experi\u00eancias e promover diferentes conex\u00f5es com outras cidades, que tamb\u00e9m acreditam na capacita\u00e7\u00e3o como a melhor forma de transformar a realidade das pessoas\u201d, afirmou Vanessa.<\/p>\n\n\n\n<p>J\u00e1 no per\u00edodo da tarde, as primeiras-damas participaram de um passeio cultural. A Rota do Brincar contou com uma visita ao Mundo das Crian\u00e7as, parque administrado pela DAE Jundia\u00ed e que traz ao mun\u00edcipio novos elementos positivos \u00e0s pol\u00edticas p\u00fablicas desenvolvidas para a inf\u00e2ncia. Em seguida, o grupo seguiu para a F\u00e1brica das Inf\u00e2ncias Japy, cujo espa\u00e7o \u00e9 voltado para a experimenta\u00e7\u00e3o art\u00edstica, formativa, criativa e reflexiva sobre as brincadeiras e as inf\u00e2ncias. No local, a apresenta\u00e7\u00e3o do Coral Infantojuvenil Cidade das Crian\u00e7as emocionou a todos.<\/p>\n\n\n<div class=\"wp-block-image\">\n<figure class=\"aligncenter size-large is-resized\"><img loading=\"lazy\" decoding=\"async\" src=\"https:\/\/tvtecjundiai.com.br\/news\/wp-content\/uploads\/sites\/2\/2023\/06\/6o_conexidades_jundiai_palestra_prefeito_luiz_fernando_infancia_pa-92-1280x854-1-1200x801.jpg\" alt=\"\" class=\"wp-image-110823\" width=\"842\" height=\"561\" srcset=\"https:\/\/tvtecjundiai.com.br\/news\/wp-content\/uploads\/sites\/2\/2023\/06\/6o_conexidades_jundiai_palestra_prefeito_luiz_fernando_infancia_pa-92-1280x854-1-1200x801.jpg 1200w, https:\/\/tvtecjundiai.com.br\/news\/wp-content\/uploads\/sites\/2\/2023\/06\/6o_conexidades_jundiai_palestra_prefeito_luiz_fernando_infancia_pa-92-1280x854-1-300x200.jpg 300w, https:\/\/tvtecjundiai.com.br\/news\/wp-content\/uploads\/sites\/2\/2023\/06\/6o_conexidades_jundiai_palestra_prefeito_luiz_fernando_infancia_pa-92-1280x854-1-768x512.jpg 768w, https:\/\/tvtecjundiai.com.br\/news\/wp-content\/uploads\/sites\/2\/2023\/06\/6o_conexidades_jundiai_palestra_prefeito_luiz_fernando_infancia_pa-92-1280x854-1.jpg 1280w\" sizes=\"auto, (max-width: 842px) 100vw, 842px\" \/><figcaption class=\"wp-element-caption\">O prefeito Luiz Fernando tamb\u00e9m participou do evento que deu boas-vindas \u00e0s primeiras-damas<\/figcaption><\/figure>\n<\/div>\n\n\n<p>\u201cEstou impressionada com tudo o que vi at\u00e9 agora. Al\u00e9m das palestras valiosas, h\u00e1 a apresenta\u00e7\u00e3o de muitas iniciativas interessantes. O meu objetivo \u00e9 aprender e levar novas ideias tamb\u00e9m para a minha cidade\u201d, contou \u00c2ngela Antunes, primeira-dama de Barbosa, munic\u00edpio localizado a, aproximadamente, 500 quil\u00f4metros de Jundia\u00ed.<\/p>\n\n\n\n<p>Madalena Pimenta, primeira-dama de Fern\u00e3o, cidade do Centro-Oeste paulista, tamb\u00e9m aprovou a programa\u00e7\u00e3o. \u201cEstou muito feliz em participar. Tenho certeza de que aprenderemos muito com todos os munic\u00edpios que est\u00e3o aqui\u201d, concluiu. Na quinta-feira (15), o grupo passear\u00e1 pela Rota do Centro Hist\u00f3rico e na sexta-feira (16), a programa\u00e7\u00e3o ser\u00e1 a Rota da Uva.<\/p>\n\n\n\n<p><strong><em>Fonte \/ Imagem: Prefeitura de Jundia\u00ed<\/em><\/strong><\/p>\n","protected":false},"excerpt":{"rendered":"<p>O prefeito Luiz Fernando tamb\u00e9m participou do evento que deu boas-vindas \u00e0s primeiras-damas<\/p>\n","protected":false},"author":30,"featured_media":110823,"comment_status":"closed","ping_status":"0","sticky":false,"template":"","format":"standard","meta":{"footnotes":""},"categories":[8356,1],"tags":[],"class_list":["post-110822","post","type-post","status-publish","format-standard","has-post-thumbnail","hentry","category-jundiai","category-noticias"],"_links":{"self":[{"href":"https:\/\/tvtecjundiai.com.br\/news\/wp-json\/wp\/v2\/posts\/110822","targetHints":{"allow":["GET"]}}],"collection":[{"href":"https:\/\/tvtecjundiai.com.br\/news\/wp-json\/wp\/v2\/posts"}],"about":[{"href":"https:\/\/tvtecjundiai.com.br\/news\/wp-json\/wp\/v2\/types\/post"}],"author":[{"embeddable":true,"href":"https:\/\/tvtecjundiai.com.br\/news\/wp-json\/wp\/v2\/users\/30"}],"replies":[{"embeddable":true,"href":"https:\/\/tvtecjundiai.com.br\/news\/wp-json\/wp\/v2\/comments?post=110822"}],"version-history":[{"count":1,"href":"https:\/\/tvtecjundiai.com.br\/news\/wp-json\/wp\/v2\/posts\/110822\/revisions"}],"predecessor-version":[{"id":110824,"href":"https:\/\/tvtecjundiai.com.br\/news\/wp-json\/wp\/v2\/posts\/110822\/revisions\/110824"}],"wp:featuredmedia":[{"embeddable":true,"href":"https:\/\/tvtecjundiai.com.br\/news\/wp-json\/wp\/v2\/media\/110823"}],"wp:attachment":[{"href":"https:\/\/tvtecjundiai.com.br\/news\/wp-json\/wp\/v2\/media?parent=110822"}],"wp:term":[{"taxonomy":"category","embeddable":true,"href":"https:\/\/tvtecjundiai.com.br\/news\/wp-json\/wp\/v2\/categories?post=110822"},{"taxonomy":"post_tag","embeddable":true,"href":"https:\/\/tvtecjundiai.com.br\/news\/wp-json\/wp\/v2\/tags?post=110822"}],"curies":[{"name":"wp","href":"https:\/\/api.w.org\/{rel}","templated":true}]}}