{"id":110833,"date":"2023-06-15T09:21:22","date_gmt":"2023-06-15T12:21:22","guid":{"rendered":"https:\/\/tvtecjundiai.com.br\/news\/?p=110833"},"modified":"2023-06-15T09:32:09","modified_gmt":"2023-06-15T12:32:09","slug":"projetos-de-sucesso-em-jundiai-sao-temas-de-palestras-no-conexidades","status":"publish","type":"post","link":"https:\/\/tvtecjundiai.com.br\/news\/2023\/06\/15\/projetos-de-sucesso-em-jundiai-sao-temas-de-palestras-no-conexidades\/","title":{"rendered":"Projetos de sucesso em Jundia\u00ed s\u00e3o temas de palestras no Conexidades"},"content":{"rendered":"\n<p>Na tarde desta quarta-feira (14), Gestores Municipais e t\u00e9cnicos de diversas Unidades de Gest\u00e3o participaram de pain\u00e9is destinados \u00e0 apresenta\u00e7\u00e3o de Pol\u00edticas P\u00fablicas de sucesso implementadas em Jundia\u00ed. Foram apresentados, no&nbsp;<a href=\"https:\/\/www.conexidades.com.br\/\">6\u00ba Conexidades<\/a>, projetos nas \u00e1reas da Educa\u00e7\u00e3o, Sa\u00fade, Planejamento Urbano e Meio Ambiente e Agroneg\u00f3cio. Todos os pain\u00e9is s\u00e3o acess\u00edveis e int\u00e9rpretes de l\u00edngua de sinais fazem a tradu\u00e7\u00e3o, o que permitiu ao James Guilherme Mantovani, que \u00e9 fundador do Clube dos Surdos de Jundia\u00ed, participar de v\u00e1rias palestras.<\/p>\n\n\n\n<p>Na primeira palestra da tarde, o Gestor de Planejamento Urbano e Meio Ambiente, Sin\u00e9sio Scarabello Filho, e a Diretora do Departamento de Urbanismo, Sylvia Angelini, apresentaram um painel mostrando importantes a\u00e7\u00f5es de Jundia\u00ed para as \u00e1reas de Planejamento Urbano e Meio Ambiente, como a implanta\u00e7\u00e3o de hortas urbanas, arboriza\u00e7\u00e3o com o programa \u201cP\u00e9 de \u00c1rvore\u201d e o Jardim de Chuva do Guanabara. Os programas \u00e9 resultado do plano de bairro do Jardim Novo Horizonte e regi\u00e3o aprovado no ano passado. \u201cNosso desafio atual \u00e9 dar escala a esses programas, ampliando o n\u00famero de pessoas beneficiadas\u201d, disse a diretora, Sylvia Angelini. O t\u00e9cnico F\u00e1bio Henrique Cescon, do Departamento de Licenciamento de Obras e Instala\u00e7\u00f5es, apresentou tamb\u00e9m os programas Saepro, de aprova\u00e7\u00e3o digital de projetos, e o GeoJundia\u00ed, que mostra um conjunto de mapas da cidade.<\/p>\n\n\n<div class=\"wp-block-image\">\n<figure class=\"aligncenter size-large\"><img loading=\"lazy\" decoding=\"async\" width=\"1200\" height=\"801\" src=\"https:\/\/tvtecjundiai.com.br\/news\/wp-content\/uploads\/sites\/2\/2023\/06\/6-conexidades-jundiai-paineis-gestores_fm_-1-4-1280x854-1-1200x801.jpg\" alt=\"\" class=\"wp-image-110835\" srcset=\"https:\/\/tvtecjundiai.com.br\/news\/wp-content\/uploads\/sites\/2\/2023\/06\/6-conexidades-jundiai-paineis-gestores_fm_-1-4-1280x854-1-1200x801.jpg 1200w, https:\/\/tvtecjundiai.com.br\/news\/wp-content\/uploads\/sites\/2\/2023\/06\/6-conexidades-jundiai-paineis-gestores_fm_-1-4-1280x854-1-300x200.jpg 300w, https:\/\/tvtecjundiai.com.br\/news\/wp-content\/uploads\/sites\/2\/2023\/06\/6-conexidades-jundiai-paineis-gestores_fm_-1-4-1280x854-1-768x512.jpg 768w, https:\/\/tvtecjundiai.com.br\/news\/wp-content\/uploads\/sites\/2\/2023\/06\/6-conexidades-jundiai-paineis-gestores_fm_-1-4-1280x854-1.jpg 1280w\" sizes=\"auto, (max-width: 1200px) 100vw, 1200px\" \/><figcaption class=\"wp-element-caption\">Sylvia Angelini e Sin\u00e9sio Scarabello Filho falaram sobre as importantes a\u00e7\u00f5es no Planejamento Urbano e Meio Ambiente<\/figcaption><\/figure>\n<\/div>\n\n\n<p>No palco principal do Conexidades, o Gestor de Promo\u00e7\u00e3o de Sa\u00fade de Jundia\u00ed, Tiago Texera, participou de um painel sobre financiamento da Sa\u00fade para os munic\u00edpios. O Secret\u00e1rio Estadual de Sa\u00fade, Eleuses Paiva, o m\u00e9dico e ex-deputado, Walter Feldman, o prefeito de Tarum\u00e3-SP, Oscar Gozzi, e o prefeito de Jose Bonif\u00e1cio, Dilmo Resende de Carvalho, tamb\u00e9m participaram do painel.<br>O gestor falou sobre o financiamento tripartite do SUS, que compreende o Governo Federal, Estadual e Municipal, e sobre os percal\u00e7os do financiamento e na capta\u00e7\u00e3o de recursos.<br>\u201cEm 6 anos, n\u00f3s perdemos mais de 60 bilh\u00f5es de investimentos em Sa\u00fade. Por isso precisamos lutar por mais financiamentos federais e estaduais para que o servi\u00e7o seja cada vez melhor\u201d, ressaltou o gestor.<\/p>\n\n\n<div class=\"wp-block-image\">\n<figure class=\"aligncenter size-large\"><img loading=\"lazy\" decoding=\"async\" width=\"1200\" height=\"801\" src=\"https:\/\/tvtecjundiai.com.br\/news\/wp-content\/uploads\/sites\/2\/2023\/06\/6-conexidades-jundiai-paineis-gestores_fm_-40-3-1280x854-1-1200x801.jpg\" alt=\"\" class=\"wp-image-110836\" srcset=\"https:\/\/tvtecjundiai.com.br\/news\/wp-content\/uploads\/sites\/2\/2023\/06\/6-conexidades-jundiai-paineis-gestores_fm_-40-3-1280x854-1-1200x801.jpg 1200w, https:\/\/tvtecjundiai.com.br\/news\/wp-content\/uploads\/sites\/2\/2023\/06\/6-conexidades-jundiai-paineis-gestores_fm_-40-3-1280x854-1-300x200.jpg 300w, https:\/\/tvtecjundiai.com.br\/news\/wp-content\/uploads\/sites\/2\/2023\/06\/6-conexidades-jundiai-paineis-gestores_fm_-40-3-1280x854-1-768x512.jpg 768w, https:\/\/tvtecjundiai.com.br\/news\/wp-content\/uploads\/sites\/2\/2023\/06\/6-conexidades-jundiai-paineis-gestores_fm_-40-3-1280x854-1.jpg 1280w\" sizes=\"auto, (max-width: 1200px) 100vw, 1200px\" \/><figcaption class=\"wp-element-caption\">Tiago Texera, gestor de Sa\u00fade de Jundia\u00ed, falou sobre financiamento da Sa\u00fade para os munic\u00edpios<\/figcaption><\/figure>\n<\/div>\n\n\n<p>No terceiro painel da tarde, o gestor de Agroneg\u00f3cio, Agricultura e Turismo, Eduardo Alvarez, falou sobre as Pol\u00edticas P\u00fablicas de Jundia\u00ed para o Agroneg\u00f3cio, como os projetos Nascentes Jundia\u00ed, Cultivo Protegido, Patrulha Agr\u00edcola, Subven\u00e7\u00e3o do Seguro Agr\u00edcola e Jundiahy Org\u00e2nicos.<br>\u201cNos \u00faltimos anos, n\u00f3s aumentamos bastante o investimento no Agroneg\u00f3cio em Jundia\u00ed. O setor tem um enorme potencial na cidade, ent\u00e3o esses programas s\u00e3o muito importantes para auxiliar o agricultor nos v\u00e1rios processos da produ\u00e7\u00e3o\u201d, afirmou o gestor.<\/p>\n\n\n<div class=\"wp-block-image\">\n<figure class=\"aligncenter size-large is-resized\"><img loading=\"lazy\" decoding=\"async\" src=\"https:\/\/tvtecjundiai.com.br\/news\/wp-content\/uploads\/sites\/2\/2023\/06\/6-conexidades-jundiai-paineis-gestores_fm_-73-1280x854-1-1200x801.jpg\" alt=\"\" class=\"wp-image-110837\" width=\"840\" height=\"560\" srcset=\"https:\/\/tvtecjundiai.com.br\/news\/wp-content\/uploads\/sites\/2\/2023\/06\/6-conexidades-jundiai-paineis-gestores_fm_-73-1280x854-1-1200x801.jpg 1200w, https:\/\/tvtecjundiai.com.br\/news\/wp-content\/uploads\/sites\/2\/2023\/06\/6-conexidades-jundiai-paineis-gestores_fm_-73-1280x854-1-300x200.jpg 300w, https:\/\/tvtecjundiai.com.br\/news\/wp-content\/uploads\/sites\/2\/2023\/06\/6-conexidades-jundiai-paineis-gestores_fm_-73-1280x854-1-768x512.jpg 768w, https:\/\/tvtecjundiai.com.br\/news\/wp-content\/uploads\/sites\/2\/2023\/06\/6-conexidades-jundiai-paineis-gestores_fm_-73-1280x854-1.jpg 1280w\" sizes=\"auto, (max-width: 840px) 100vw, 840px\" \/><figcaption class=\"wp-element-caption\">Eduardo Alvarez, gestor de Agroneg\u00f3cio, Agricultura e Turismo, mostrou programas da cidade para produtores rurais<\/figcaption><\/figure>\n<\/div>\n\n\n<p>O Programa Escola Inovadora tamb\u00e9m foi tema de um dos pain\u00e9is no estande da Prefeitura de Jundia\u00ed. A gestora-adjunta de Educa\u00e7\u00e3o, T\u00e2nia Roveri, mostrou v\u00e1rios cases de sucesso da Educa\u00e7\u00e3o na cidade, como o Desemparedamento da Escola, que ressignifica os espa\u00e7os em potentes ambientes possibilitadores de aprendizagens contextualizadas e significativas, trazendo sentido aos conte\u00fados e permitindo que os estudantes usem a criatividade e a curiosidade na produ\u00e7\u00e3o de investiga\u00e7\u00f5es e de pesquisas.<\/p>\n\n\n\n<p>A forma\u00e7\u00e3o dos profissionais de Educa\u00e7\u00e3o de Jundia\u00ed, que consumiu mais de duas mil horas em 2022, tamb\u00e9m foi mostrada, al\u00e9m de todos os programas da Rede, como o ensino de ingl\u00eas a partir dos 4 anos de idade, o Enfrentamento \u00e0 Obesidade Infantil, o FabLab, o MenteInovadora, entre outros. \u201cN\u00f3s queremos mostrar aos alunos e pais que a escola \u00e9 um ambiente seguro e atraente pra a crian\u00e7a\u201d. refor\u00e7ou a gestora-adjunta.<\/p>\n\n\n\n<p>As Cl\u00ednicas da Fam\u00edlia de Jundia\u00ed tamb\u00e9m foram tema de palestra no Conexidades. A gerente da Cl\u00ednica da Fam\u00edlia do Novo Horizonte, Kenia Almeida, o enfermeiro da Cl\u00ednica da Vila Hortol\u00e2ndia, Rafael Ant\u00f4nio da Silva, e a dra. Tatiane de Luca Barbosa, m\u00e9dica reguladora da Cl\u00ednica da Hortol\u00e2ndia, al\u00e9m do gestor de Sa\u00fade, Tiago Texera, conduziram o painel.<\/p>\n\n\n<div class=\"wp-block-image\">\n<figure class=\"aligncenter size-large is-resized\"><img loading=\"lazy\" decoding=\"async\" src=\"https:\/\/tvtecjundiai.com.br\/news\/wp-content\/uploads\/sites\/2\/2023\/06\/6-conexidades-jundiai-paineis-gestores_fm_-153-1280x854-1-1200x801.jpg\" alt=\"\" class=\"wp-image-110838\" width=\"840\" height=\"560\" srcset=\"https:\/\/tvtecjundiai.com.br\/news\/wp-content\/uploads\/sites\/2\/2023\/06\/6-conexidades-jundiai-paineis-gestores_fm_-153-1280x854-1-1200x801.jpg 1200w, https:\/\/tvtecjundiai.com.br\/news\/wp-content\/uploads\/sites\/2\/2023\/06\/6-conexidades-jundiai-paineis-gestores_fm_-153-1280x854-1-300x200.jpg 300w, https:\/\/tvtecjundiai.com.br\/news\/wp-content\/uploads\/sites\/2\/2023\/06\/6-conexidades-jundiai-paineis-gestores_fm_-153-1280x854-1-768x512.jpg 768w, https:\/\/tvtecjundiai.com.br\/news\/wp-content\/uploads\/sites\/2\/2023\/06\/6-conexidades-jundiai-paineis-gestores_fm_-153-1280x854-1.jpg 1280w\" sizes=\"auto, (max-width: 840px) 100vw, 840px\" \/><figcaption class=\"wp-element-caption\">T\u00e2nia Roveri, gestora-adjunta de Educa\u00e7\u00e3o, detalhou o Programa Escola Inovadora<\/figcaption><\/figure>\n<\/div>\n\n\n<p>Foram apresentados todo o modelo de organiza\u00e7\u00e3o de agendas nas Cl\u00ednicas, o processo de trabalho institu\u00eddo para as equipes de sa\u00fade e o fluxo de atendimento de cada unidade, que \u00e9 baseado em uma abordagem humanizada. Os grupos terap\u00eauticos tamb\u00e9m foram elencados. \u201cN\u00f3s estamos apresentando, para profissionais de sa\u00fade de todo o Brasil, um modelo de sucesso da aten\u00e7\u00e3o prim\u00e1ria de Jundia\u00ed, que s\u00e3o as Cl\u00ednicas da Fam\u00edlia\u201d, destacou o gestor de Sa\u00fade de Jundia\u00ed, Tiago Texera.<\/p>\n\n\n\n<p>\u201cTodos os nossos profissionais defendem este modelo de Cl\u00ednicas da Fam\u00edlia, que deu muito certo. E deu certo porque nossa equipe \u00e9 muito dedicada e engajada\u201d, refor\u00e7ou a gerente, Kenia Almeida.<\/p>\n\n\n\n<figure class=\"wp-block-gallery has-nested-images columns-default is-cropped wp-block-gallery-1 is-layout-flex wp-block-gallery-is-layout-flex\">\n<figure class=\"wp-block-image size-large\"><img loading=\"lazy\" decoding=\"async\" width=\"1200\" height=\"801\" data-id=\"110840\" src=\"https:\/\/tvtecjundiai.com.br\/news\/wp-content\/uploads\/sites\/2\/2023\/06\/6-conexidades-jundiai-paineis-gestores_fm_-190-2-1280x854-1-1200x801.jpg\" alt=\"\" class=\"wp-image-110840\" srcset=\"https:\/\/tvtecjundiai.com.br\/news\/wp-content\/uploads\/sites\/2\/2023\/06\/6-conexidades-jundiai-paineis-gestores_fm_-190-2-1280x854-1-1200x801.jpg 1200w, https:\/\/tvtecjundiai.com.br\/news\/wp-content\/uploads\/sites\/2\/2023\/06\/6-conexidades-jundiai-paineis-gestores_fm_-190-2-1280x854-1-300x200.jpg 300w, https:\/\/tvtecjundiai.com.br\/news\/wp-content\/uploads\/sites\/2\/2023\/06\/6-conexidades-jundiai-paineis-gestores_fm_-190-2-1280x854-1-768x512.jpg 768w, https:\/\/tvtecjundiai.com.br\/news\/wp-content\/uploads\/sites\/2\/2023\/06\/6-conexidades-jundiai-paineis-gestores_fm_-190-2-1280x854-1.jpg 1280w\" sizes=\"auto, (max-width: 1200px) 100vw, 1200px\" \/><figcaption class=\"wp-element-caption\">Cl\u00ednicas da Fam\u00edlias foram mostradas em painel dedicado \u00e0 Sa\u00fade<\/figcaption><\/figure>\n\n\n\n<figure class=\"wp-block-image size-large\"><img loading=\"lazy\" decoding=\"async\" width=\"1200\" height=\"801\" data-id=\"110839\" src=\"https:\/\/tvtecjundiai.com.br\/news\/wp-content\/uploads\/sites\/2\/2023\/06\/6-conexidades-jundiai-paineis-gestores_fm_-96-1280x854-1-1200x801.jpg\" alt=\"\" class=\"wp-image-110839\" srcset=\"https:\/\/tvtecjundiai.com.br\/news\/wp-content\/uploads\/sites\/2\/2023\/06\/6-conexidades-jundiai-paineis-gestores_fm_-96-1280x854-1-1200x801.jpg 1200w, https:\/\/tvtecjundiai.com.br\/news\/wp-content\/uploads\/sites\/2\/2023\/06\/6-conexidades-jundiai-paineis-gestores_fm_-96-1280x854-1-300x200.jpg 300w, https:\/\/tvtecjundiai.com.br\/news\/wp-content\/uploads\/sites\/2\/2023\/06\/6-conexidades-jundiai-paineis-gestores_fm_-96-1280x854-1-768x512.jpg 768w, https:\/\/tvtecjundiai.com.br\/news\/wp-content\/uploads\/sites\/2\/2023\/06\/6-conexidades-jundiai-paineis-gestores_fm_-96-1280x854-1.jpg 1280w\" sizes=\"auto, (max-width: 1200px) 100vw, 1200px\" \/><figcaption class=\"wp-element-caption\">Estande de Jundia\u00ed tem v\u00e1rias atra\u00e7\u00f5es<\/figcaption><\/figure>\n<\/figure>\n\n\n\n<p><strong>Estande<br><\/strong>Jundia\u00ed conta com um estande de aproximadamente 400 m\u00b2, no Pavilh\u00e3o 2 do Parque Comendador Antonio Carbonari (Parque da Uva). Nele haver\u00e1 sete palestras di\u00e1rias, al\u00e9m de palcos espec\u00edficos para exposi\u00e7\u00e3o de boas pr\u00e1ticas das sete plataformas de gest\u00e3o e do Programa Cidade das Crian\u00e7as.<\/p>\n\n\n\n<p>Como Jundia\u00ed recicla 100% dos Res\u00edduos de Constru\u00e7\u00e3o Civil, os visitantes poder\u00e3o conhecer a usina de beneficiamento de RCC de Jundia\u00ed. Nos dias 15 e 16, \u00e0s 10h e \u00e0s 15h, \u00f4nibus gratuitos sair\u00e3o do Parque com destino ao Centro de Gerenciamento de Res\u00edduos S\u00f3lidos (Geresol).<\/p>\n\n\n\n<p>O Conexidades se estende at\u00e9 s\u00e1bado (17). O evento \u00e9 gratuito e as inscri\u00e7\u00f5es devem ser feitas pelo&nbsp;<a href=\"https:\/\/www.sympla.com.br\/evento\/6-conexidades-encontro-nacional-de-parceiros-publicos-e-privados\/1856635\">site<\/a>.<\/p>\n\n\n\n<p><strong><em>Fonte \/ Imagem: Prefeitura de Jundia\u00ed<\/em><\/strong><\/p>\n","protected":false},"excerpt":{"rendered":"<p>Todos os pain\u00e9is s\u00e3o acess\u00edveis e int\u00e9rpretes de l\u00edngua de sinais fazem a tradu\u00e7\u00e3o<\/p>\n","protected":false},"author":30,"featured_media":110838,"comment_status":"closed","ping_status":"0","sticky":false,"template":"","format":"standard","meta":{"footnotes":""},"categories":[8356,1],"tags":[],"class_list":["post-110833","post","type-post","status-publish","format-standard","has-post-thumbnail","hentry","category-jundiai","category-noticias"],"_links":{"self":[{"href":"https:\/\/tvtecjundiai.com.br\/news\/wp-json\/wp\/v2\/posts\/110833","targetHints":{"allow":["GET"]}}],"collection":[{"href":"https:\/\/tvtecjundiai.com.br\/news\/wp-json\/wp\/v2\/posts"}],"about":[{"href":"https:\/\/tvtecjundiai.com.br\/news\/wp-json\/wp\/v2\/types\/post"}],"author":[{"embeddable":true,"href":"https:\/\/tvtecjundiai.com.br\/news\/wp-json\/wp\/v2\/users\/30"}],"replies":[{"embeddable":true,"href":"https:\/\/tvtecjundiai.com.br\/news\/wp-json\/wp\/v2\/comments?post=110833"}],"version-history":[{"count":2,"href":"https:\/\/tvtecjundiai.com.br\/news\/wp-json\/wp\/v2\/posts\/110833\/revisions"}],"predecessor-version":[{"id":110853,"href":"https:\/\/tvtecjundiai.com.br\/news\/wp-json\/wp\/v2\/posts\/110833\/revisions\/110853"}],"wp:featuredmedia":[{"embeddable":true,"href":"https:\/\/tvtecjundiai.com.br\/news\/wp-json\/wp\/v2\/media\/110838"}],"wp:attachment":[{"href":"https:\/\/tvtecjundiai.com.br\/news\/wp-json\/wp\/v2\/media?parent=110833"}],"wp:term":[{"taxonomy":"category","embeddable":true,"href":"https:\/\/tvtecjundiai.com.br\/news\/wp-json\/wp\/v2\/categories?post=110833"},{"taxonomy":"post_tag","embeddable":true,"href":"https:\/\/tvtecjundiai.com.br\/news\/wp-json\/wp\/v2\/tags?post=110833"}],"curies":[{"name":"wp","href":"https:\/\/api.w.org\/{rel}","templated":true}]}}