{"id":110842,"date":"2023-06-15T09:27:26","date_gmt":"2023-06-15T12:27:26","guid":{"rendered":"https:\/\/tvtecjundiai.com.br\/news\/?p=110842"},"modified":"2023-06-15T09:30:10","modified_gmt":"2023-06-15T12:30:10","slug":"desemparedamento-da-escola-se-destaca-em-denver-eua","status":"publish","type":"post","link":"https:\/\/tvtecjundiai.com.br\/news\/2023\/06\/15\/desemparedamento-da-escola-se-destaca-em-denver-eua\/","title":{"rendered":"\u201cDesemparedamento da Escola\u201d se destaca em Denver (EUA)"},"content":{"rendered":"\n<p>Mais uma vez, a Educa\u00e7\u00e3o de Jundia\u00ed \u00e9 destaque internacional. Com o tema \u201cDesemparedamento da Escola\u201d, a Unidade de Gest\u00e3o de Educa\u00e7\u00e3o (UGE) participou da Confer\u00eancia deste ano da \u201cChildren &amp; Nature Network\u201d, realizada em Denver (EUA), nesta quarta-feira (14), em mesa que reuniu os pa\u00edses Holanda, B\u00e9lgica e Peru. O encontro, que come\u00e7ou no dia 12, prossegue at\u00e9 amanh\u00e3, no Estado do Colorado. O evento conta com mesas, palestras, pain\u00e9is, passeios na natureza e visitas a institui\u00e7\u00f5es escolares.<\/p>\n\n\n\n<p>A pr\u00e1tica educacional jundiaiense que intensifica o contato com a natureza como ambientes de aprendizagem, disputou com mais de 250 inscri\u00e7\u00f5es nesta edi\u00e7\u00e3o, sendo que somente 13 pr\u00e1ticas alcan\u00e7aram a final da confer\u00eancia com a participa\u00e7\u00e3o no evento americano.<\/p>\n\n\n\n<p>\u201cA Educa\u00e7\u00e3o \u00e9 ferramenta de mudan\u00e7a da sociedade, por isso, Jundia\u00ed investe na Escola Inovadora, que promove o contato com a natureza e que incentiva o pleno desenvolvimento das inf\u00e2ncias em toda a sua pot\u00eancia. O reconhecimento internacional coroa o trabalho dos 4 mil servidores da Educa\u00e7\u00e3o e \u00e9 um selo de qualidade que as fam\u00edlias recebem\u201d, detalha o prefeito Luiz Fernando Machado.<\/p>\n\n\n<div class=\"wp-block-image\">\n<figure class=\"aligncenter size-large\"><img loading=\"lazy\" decoding=\"async\" width=\"1200\" height=\"762\" src=\"https:\/\/tvtecjundiai.com.br\/news\/wp-content\/uploads\/sites\/2\/2023\/06\/denver2-1200x762.jpg\" alt=\"\" class=\"wp-image-110843\" srcset=\"https:\/\/tvtecjundiai.com.br\/news\/wp-content\/uploads\/sites\/2\/2023\/06\/denver2-1200x762.jpg 1200w, https:\/\/tvtecjundiai.com.br\/news\/wp-content\/uploads\/sites\/2\/2023\/06\/denver2-300x190.jpg 300w, https:\/\/tvtecjundiai.com.br\/news\/wp-content\/uploads\/sites\/2\/2023\/06\/denver2-768x488.jpg 768w, https:\/\/tvtecjundiai.com.br\/news\/wp-content\/uploads\/sites\/2\/2023\/06\/denver2.jpg 1235w\" sizes=\"auto, (max-width: 1200px) 100vw, 1200px\" \/><figcaption class=\"wp-element-caption\">Joaquim Leguia (Diretor Executivo da ANIA do Peru) Adnan Fachini (Coordenadora Pedag\u00f3gica da UGE), Ian Mostert (L\u00edder do Projeto Crian\u00e7a e Natureza da Holanda)&nbsp; Brenda Kessler (Gerente de Projetos CN&amp;N \u2013 Children and Nature Network)&nbsp; Vast\u00ed Ferrari&nbsp; Johan Lambrix (Coordenador Educacional da Prov\u00edncia de Limburg \u2013 B\u00e9lgica)<\/figcaption><\/figure>\n<\/div>\n\n\n<p>\u201cCompartilhamos as pr\u00e1ticas disruptivas que comp\u00f5em o \u2018Desemparedamento da Escola\u2019. A apresenta\u00e7\u00e3o, em mesa com os pa\u00edses Holanda, B\u00e9lgica e Peru, com o tema Global Lessons on Green Schoolyards and Outdoor Learning \u2013, discutiu as diversas propostas realizadas em cada pa\u00eds, de realidades diferentes, mas com a mesma t\u00f4nica: a relev\u00e2ncia da natureza para o pleno desenvolvimento da crian\u00e7a\u201d, comenta a gestora da Unidade de Gest\u00e3o de Educa\u00e7\u00e3o (UGE) Vast\u00ed Ferrari Marques.<\/p>\n\n\n\n<p>Al\u00e9m de ser a \u00fanica representante brasileira, Jundia\u00ed tamb\u00e9m comp\u00f5e com Paris (Fran\u00e7a) o seleto grupo de iniciativas finalistas que atingiram todos os objetivos previstos pela \u201cChildren &amp; Nature\u201d, que s\u00e3o a perspectiva da resili\u00eancia clim\u00e1tica, do brincar ao ar livre, do engajamento da comunidade no ambiente escolar e na promo\u00e7\u00e3o da Sa\u00fade e da Educa\u00e7\u00e3o.<\/p>\n\n\n\n<p><strong><em>Fonte \/ Imagem: Prefeitura de Jundia\u00ed<\/em><\/strong><\/p>\n","protected":false},"excerpt":{"rendered":"<p>O encontro, que teve in\u00edcio no dia 12, prossegue at\u00e9 amanh\u00e3, no Estado do Colorado. <\/p>\n","protected":false},"author":30,"featured_media":110845,"comment_status":"closed","ping_status":"0","sticky":false,"template":"","format":"standard","meta":{"footnotes":""},"categories":[2828,8356,1],"tags":[],"class_list":["post-110842","post","type-post","status-publish","format-standard","has-post-thumbnail","hentry","category-educacao","category-jundiai","category-noticias"],"_links":{"self":[{"href":"https:\/\/tvtecjundiai.com.br\/news\/wp-json\/wp\/v2\/posts\/110842","targetHints":{"allow":["GET"]}}],"collection":[{"href":"https:\/\/tvtecjundiai.com.br\/news\/wp-json\/wp\/v2\/posts"}],"about":[{"href":"https:\/\/tvtecjundiai.com.br\/news\/wp-json\/wp\/v2\/types\/post"}],"author":[{"embeddable":true,"href":"https:\/\/tvtecjundiai.com.br\/news\/wp-json\/wp\/v2\/users\/30"}],"replies":[{"embeddable":true,"href":"https:\/\/tvtecjundiai.com.br\/news\/wp-json\/wp\/v2\/comments?post=110842"}],"version-history":[{"count":2,"href":"https:\/\/tvtecjundiai.com.br\/news\/wp-json\/wp\/v2\/posts\/110842\/revisions"}],"predecessor-version":[{"id":110851,"href":"https:\/\/tvtecjundiai.com.br\/news\/wp-json\/wp\/v2\/posts\/110842\/revisions\/110851"}],"wp:featuredmedia":[{"embeddable":true,"href":"https:\/\/tvtecjundiai.com.br\/news\/wp-json\/wp\/v2\/media\/110845"}],"wp:attachment":[{"href":"https:\/\/tvtecjundiai.com.br\/news\/wp-json\/wp\/v2\/media?parent=110842"}],"wp:term":[{"taxonomy":"category","embeddable":true,"href":"https:\/\/tvtecjundiai.com.br\/news\/wp-json\/wp\/v2\/categories?post=110842"},{"taxonomy":"post_tag","embeddable":true,"href":"https:\/\/tvtecjundiai.com.br\/news\/wp-json\/wp\/v2\/tags?post=110842"}],"curies":[{"name":"wp","href":"https:\/\/api.w.org\/{rel}","templated":true}]}}