{"id":110847,"date":"2023-06-15T09:29:11","date_gmt":"2023-06-15T12:29:11","guid":{"rendered":"https:\/\/tvtecjundiai.com.br\/news\/?p=110847"},"modified":"2023-06-15T09:29:12","modified_gmt":"2023-06-15T12:29:12","slug":"oficina-apresenta-beneficios-das-plantas-no-combate-as-doencas-respiratorias","status":"publish","type":"post","link":"https:\/\/tvtecjundiai.com.br\/news\/2023\/06\/15\/oficina-apresenta-beneficios-das-plantas-no-combate-as-doencas-respiratorias\/","title":{"rendered":"Oficina apresenta benef\u00edcios das plantas no combate \u00e0s doen\u00e7as respirat\u00f3rias"},"content":{"rendered":"\n<p>Os benef\u00edcios das plantas para combater sintomas de gripes, resfriados e tosses, t\u00e3o comuns nesta \u00e9poca do ano, foram abordados em oficina de fitoter\u00e1picos nesta quarta-feira (14), no Centro de Conviv\u00eancia, Cultura, Trabalho e Gera\u00e7\u00e3o de Renda (CECCO). A atividade foi conduzida pela Assist\u00eancia Farmac\u00eautica da Unidade de Gest\u00e3o de Promo\u00e7\u00e3o da Sa\u00fade (UGPS).<\/p>\n\n\n\n<p>\u201cAs plantas medicinais servem para diversas coisas, mas \u00e9 fundamental saber utiliz\u00e1-las para obter os efeitos desejados. Assim como os demais medicamentos, elas podem ter efeitos colaterais, sendo importante conscientizarmos tamb\u00e9m sobre essa quest\u00e3o\u201d, ressaltou a coordenadora da Assist\u00eancia Farmac\u00eautica, Ana Cl\u00e1udia Rodrigues, que estava acompanhada das tamb\u00e9m farmac\u00eauticas Ursula Rossberg, Luana Maciel e Viviane Roque.<\/p>\n\n\n<div class=\"wp-block-image\">\n<figure class=\"aligncenter size-large\"><img loading=\"lazy\" decoding=\"async\" width=\"1200\" height=\"801\" src=\"https:\/\/tvtecjundiai.com.br\/news\/wp-content\/uploads\/sites\/2\/2023\/06\/cecco_oficina_fitoterapicos_m_-17-1280x854-2-1200x801.jpg\" alt=\"\" class=\"wp-image-110849\" srcset=\"https:\/\/tvtecjundiai.com.br\/news\/wp-content\/uploads\/sites\/2\/2023\/06\/cecco_oficina_fitoterapicos_m_-17-1280x854-2-1200x801.jpg 1200w, https:\/\/tvtecjundiai.com.br\/news\/wp-content\/uploads\/sites\/2\/2023\/06\/cecco_oficina_fitoterapicos_m_-17-1280x854-2-300x200.jpg 300w, https:\/\/tvtecjundiai.com.br\/news\/wp-content\/uploads\/sites\/2\/2023\/06\/cecco_oficina_fitoterapicos_m_-17-1280x854-2-768x512.jpg 768w, https:\/\/tvtecjundiai.com.br\/news\/wp-content\/uploads\/sites\/2\/2023\/06\/cecco_oficina_fitoterapicos_m_-17-1280x854-2.jpg 1280w\" sizes=\"auto, (max-width: 1200px) 100vw, 1200px\" \/><figcaption class=\"wp-element-caption\">Os participantes aprenderam a maneira correta de preparo de alguns xaropes e ch\u00e1s<\/figcaption><\/figure>\n<\/div>\n\n\n<p>Depois da apresenta\u00e7\u00e3o dos fitoter\u00e1picos que atuam no sistema respirat\u00f3rio, a equipe preparou ch\u00e1s, xaropes, escalda p\u00e9s e tamb\u00e9m uma receita para gargarejo.<\/p>\n\n\n\n<p>Em Jundia\u00ed, em toda rede municipal de sa\u00fade s\u00e3o oferecidas atividades com as plantas medicinais para o bem-estar da popula\u00e7\u00e3o. Para participar ou esclarecer d\u00favidas sobre o uso, basta contatar a unidade b\u00e1sica de refer\u00eancia.<\/p>\n\n\n\n<p><strong>Programa\u00e7\u00e3o<\/strong><br>Ao longo do m\u00eas, o CECCO realiza diversas atividades com foco na promo\u00e7\u00e3o da autonomia, qualidade de vida e inclus\u00e3o social. As a\u00e7\u00f5es s\u00e3o abertas ao p\u00fablico.<\/p>\n\n\n\n<p>\u201cAl\u00e9m da programa\u00e7\u00e3o mensal, n\u00f3s tamb\u00e9m ofertamos oficinas diferenciadas para ampliar os conhecimentos sobre educa\u00e7\u00e3o e sa\u00fade da popula\u00e7\u00e3o de todas as idades\u201d, ressalta a gerente do equipamento, Fernanda Torres Apollonio.<\/p>\n\n\n\n<p>O servi\u00e7o, na rua Benedito S\u00e9rgio de Oliveira, 220, fica aberto das 8h \u00e0s 17h, de segunda a sexta. O endere\u00e7o \u00e9 atendido pelas linhas do transporte coletivo: 573 (Engordadouro), 574 (Marlene), 571 (Tulipas) e 907 (Terminal Vila Arens-Hortol\u00e2ndia).<\/p>\n\n\n\n<p><strong><em>Fonte \/ Imagem: Prefeitura de Jundia\u00ed<\/em><\/strong><\/p>\n","protected":false},"excerpt":{"rendered":"<p>Os participantes aprenderam a maneira correta de preparo de alguns xaropes e ch\u00e1s<\/p>\n","protected":false},"author":30,"featured_media":110849,"comment_status":"closed","ping_status":"0","sticky":false,"template":"","format":"standard","meta":{"footnotes":""},"categories":[8356,1,2839,8355],"tags":[],"class_list":["post-110847","post","type-post","status-publish","format-standard","has-post-thumbnail","hentry","category-jundiai","category-noticias","category-saude","category-saude-3"],"_links":{"self":[{"href":"https:\/\/tvtecjundiai.com.br\/news\/wp-json\/wp\/v2\/posts\/110847","targetHints":{"allow":["GET"]}}],"collection":[{"href":"https:\/\/tvtecjundiai.com.br\/news\/wp-json\/wp\/v2\/posts"}],"about":[{"href":"https:\/\/tvtecjundiai.com.br\/news\/wp-json\/wp\/v2\/types\/post"}],"author":[{"embeddable":true,"href":"https:\/\/tvtecjundiai.com.br\/news\/wp-json\/wp\/v2\/users\/30"}],"replies":[{"embeddable":true,"href":"https:\/\/tvtecjundiai.com.br\/news\/wp-json\/wp\/v2\/comments?post=110847"}],"version-history":[{"count":1,"href":"https:\/\/tvtecjundiai.com.br\/news\/wp-json\/wp\/v2\/posts\/110847\/revisions"}],"predecessor-version":[{"id":110850,"href":"https:\/\/tvtecjundiai.com.br\/news\/wp-json\/wp\/v2\/posts\/110847\/revisions\/110850"}],"wp:featuredmedia":[{"embeddable":true,"href":"https:\/\/tvtecjundiai.com.br\/news\/wp-json\/wp\/v2\/media\/110849"}],"wp:attachment":[{"href":"https:\/\/tvtecjundiai.com.br\/news\/wp-json\/wp\/v2\/media?parent=110847"}],"wp:term":[{"taxonomy":"category","embeddable":true,"href":"https:\/\/tvtecjundiai.com.br\/news\/wp-json\/wp\/v2\/categories?post=110847"},{"taxonomy":"post_tag","embeddable":true,"href":"https:\/\/tvtecjundiai.com.br\/news\/wp-json\/wp\/v2\/tags?post=110847"}],"curies":[{"name":"wp","href":"https:\/\/api.w.org\/{rel}","templated":true}]}}