{"id":110856,"date":"2023-06-15T10:17:02","date_gmt":"2023-06-15T13:17:02","guid":{"rendered":"https:\/\/tvtecjundiai.com.br\/news\/?p=110856"},"modified":"2023-06-15T10:17:02","modified_gmt":"2023-06-15T13:17:02","slug":"luiz-schiavon-da-banda-rpm-morre-em-sao-paulo-aos-64-anos","status":"publish","type":"post","link":"https:\/\/tvtecjundiai.com.br\/news\/2023\/06\/15\/luiz-schiavon-da-banda-rpm-morre-em-sao-paulo-aos-64-anos\/","title":{"rendered":"Luiz Schiavon, da banda RPM, morre em S\u00e3o Paulo aos 64 anos"},"content":{"rendered":"\n<p>Luiz Schiavon, tecladista e fundador da banda RPM, morreu nesta quinta-feira (15), em S\u00e3o Paulo, aos 64 anos. A informa\u00e7\u00e3o foi confirmada em nota pela fam\u00edlia do m\u00fasico.<\/p>\n\n\n\n<p>Maestro, compositor, fundador e tecladista de uma das bandas de maior sucesso da hist\u00f3ria do pop rock do Brasil, Schiavon estava internado em um hospital em Osasco, na Grande S\u00e3o Paulo.<\/p>\n\n\n\n<p>Segundo nota divulgada pela esposa de Schiavon, ele lutava contra uma doen\u00e7a autoimune. Nas \u00faltimas semanas, tinha passado por uma cirurgia e sofreu complica\u00e7\u00f5es ap\u00f3s o procedimento.<\/p>\n\n\n<div class=\"wp-block-image\">\n<figure class=\"aligncenter size-full\"><img loading=\"lazy\" decoding=\"async\" width=\"623\" height=\"412\" src=\"https:\/\/tvtecjundiai.com.br\/news\/wp-content\/uploads\/sites\/2\/2023\/06\/luiz-schiavon.jpg\" alt=\"\" class=\"wp-image-110861\" srcset=\"https:\/\/tvtecjundiai.com.br\/news\/wp-content\/uploads\/sites\/2\/2023\/06\/luiz-schiavon.jpg 623w, https:\/\/tvtecjundiai.com.br\/news\/wp-content\/uploads\/sites\/2\/2023\/06\/luiz-schiavon-300x198.jpg 300w\" sizes=\"auto, (max-width: 623px) 100vw, 623px\" \/><figcaption class=\"wp-element-caption\">Foto: Leo Acevedo\/Divulga\u00e7\u00e3o<\/figcaption><\/figure>\n<\/div>\n\n\n<p><\/p>\n\n\n\n<p>O vel\u00f3rio e enterro ser\u00e3o reservados apenas aos amigos e parentes.<\/p>\n\n\n\n<p>&#8220;Luiz era, na sua figura p\u00fablica, maestro, compositor, fundador e tecladista do RPM, mas acima de tudo isso, um bom filho, sobrinho, marido, pai e amigo. Portanto, a fam\u00edlia decidiu que a cerim\u00f4nia de despedida ser\u00e1 reservada para familiares e amigos pr\u00f3ximos e pede, encarecidamente, que os f\u00e3s e a imprensa compreendam e respeitem essa decis\u00e3o. Esperamos que lembrem-se dele com a maestria e a energia da sua m\u00fasica, um legado que ele nos deixou de presente e que continuar\u00e1 vivo em nossos cora\u00e7\u00f5es&#8221;, diz a nota.<\/p>\n\n\n\n<p><strong><em>(Fonte: g1\/Imagem: Leo Acevedo\/Divulga\u00e7\u00e3o)<\/em><\/strong><\/p>\n","protected":false},"excerpt":{"rendered":"<p>Tecladista e fundador da RPM lutava contra uma doen\u00e7a autoimune<\/p>\n","protected":false},"author":30,"featured_media":110861,"comment_status":"closed","ping_status":"0","sticky":false,"template":"","format":"standard","meta":{"footnotes":""},"categories":[2833,1],"tags":[],"class_list":["post-110856","post","type-post","status-publish","format-standard","has-post-thumbnail","hentry","category-cultura","category-noticias"],"_links":{"self":[{"href":"https:\/\/tvtecjundiai.com.br\/news\/wp-json\/wp\/v2\/posts\/110856","targetHints":{"allow":["GET"]}}],"collection":[{"href":"https:\/\/tvtecjundiai.com.br\/news\/wp-json\/wp\/v2\/posts"}],"about":[{"href":"https:\/\/tvtecjundiai.com.br\/news\/wp-json\/wp\/v2\/types\/post"}],"author":[{"embeddable":true,"href":"https:\/\/tvtecjundiai.com.br\/news\/wp-json\/wp\/v2\/users\/30"}],"replies":[{"embeddable":true,"href":"https:\/\/tvtecjundiai.com.br\/news\/wp-json\/wp\/v2\/comments?post=110856"}],"version-history":[{"count":2,"href":"https:\/\/tvtecjundiai.com.br\/news\/wp-json\/wp\/v2\/posts\/110856\/revisions"}],"predecessor-version":[{"id":110862,"href":"https:\/\/tvtecjundiai.com.br\/news\/wp-json\/wp\/v2\/posts\/110856\/revisions\/110862"}],"wp:featuredmedia":[{"embeddable":true,"href":"https:\/\/tvtecjundiai.com.br\/news\/wp-json\/wp\/v2\/media\/110861"}],"wp:attachment":[{"href":"https:\/\/tvtecjundiai.com.br\/news\/wp-json\/wp\/v2\/media?parent=110856"}],"wp:term":[{"taxonomy":"category","embeddable":true,"href":"https:\/\/tvtecjundiai.com.br\/news\/wp-json\/wp\/v2\/categories?post=110856"},{"taxonomy":"post_tag","embeddable":true,"href":"https:\/\/tvtecjundiai.com.br\/news\/wp-json\/wp\/v2\/tags?post=110856"}],"curies":[{"name":"wp","href":"https:\/\/api.w.org\/{rel}","templated":true}]}}