{"id":11086,"date":"2018-05-25T10:19:28","date_gmt":"2018-05-25T13:19:28","guid":{"rendered":"https:\/\/tvtecjundiai.com.br\/news\/?p=11086"},"modified":"2018-05-25T10:19:28","modified_gmt":"2018-05-25T13:19:28","slug":"facebook-estende-para-mundo-inteiro-protecao-europeia-sobre-dados","status":"publish","type":"post","link":"https:\/\/tvtecjundiai.com.br\/news\/2018\/05\/25\/facebook-estende-para-mundo-inteiro-protecao-europeia-sobre-dados\/","title":{"rendered":"Facebook estende para mundo inteiro prote\u00e7\u00e3o europeia sobre dados"},"content":{"rendered":"<div id=\"attachment_8062\" style=\"width: 460px\" class=\"wp-caption alignright\"><a href=\"https:\/\/tvtecjundiai.com.br\/news\/wp-content\/uploads\/sites\/2\/2018\/03\/20150629115326_660_420.jpg\"><img loading=\"lazy\" decoding=\"async\" aria-describedby=\"caption-attachment-8062\" class=\"wp-image-8062\" src=\"https:\/\/tvtecjundiai.com.br\/news\/wp-content\/uploads\/sites\/2\/2018\/03\/20150629115326_660_420-300x191.jpg\" alt=\"\" width=\"450\" height=\"286\" srcset=\"https:\/\/tvtecjundiai.com.br\/news\/wp-content\/uploads\/sites\/2\/2018\/03\/20150629115326_660_420-300x191.jpg 300w, https:\/\/tvtecjundiai.com.br\/news\/wp-content\/uploads\/sites\/2\/2018\/03\/20150629115326_660_420.jpg 660w\" sizes=\"auto, (max-width: 450px) 100vw, 450px\" \/><\/a><p id=\"caption-attachment-8062\" class=\"wp-caption-text\">A companhia americana \u00e9 uma das primeiras multinacionais que anuncia a aplica\u00e7\u00e3o das novas regras europeias<\/p><\/div>\n<p>O Facebook anunciou, na quinta-feira (24), que aplicar\u00e1 aos seus 2 bilh\u00f5es de usu\u00e1rios no mundo o regulamento europeu sobre prote\u00e7\u00e3o de dados (GDPR), que entra em vigor nesta sexta-feira (25).<\/p>\n<p>A empresa americana est\u00e1 h\u00e1 semanas questionando seus usu\u00e1rios europeus se concordam com receber publicidade personalizada, ou se permitem ao Facebook usar suas tecnologias de reconhecimento facial nas fotos e nos v\u00eddeos compartilhados na rede social. Essas perguntas se estender\u00e3o, agora, a todos os usu\u00e1rios do Facebook, acompanhadas de um lembrete sobre as informa\u00e7\u00f5es sens\u00edveis que podem ter compartilhado.<\/p>\n<p>&#8220;A partir desta semana, pedimos a todo mundo no Facebook que consulte informa\u00e7\u00f5es importantes sobre sua vida privada e sobre o controle de sua navega\u00e7\u00e3o no Facebook&#8221;, indica no site da companhia californiana Erin Egan, encarregada das quest\u00f5es de privacidade da rede social. &#8220;Nos pediram explica\u00e7\u00f5es mais claras sobre as informa\u00e7\u00f5es que coletamos e sobre a forma como as utilizamos&#8221;, completa Erin.<\/p>\n<p>O Facebook estipulou uma diferen\u00e7a importante na aplica\u00e7\u00e3o mundial da norma europeia. Enquanto os usu\u00e1rios do restante do mundo poder\u00e3o adiar por tempo indeterminado essa an\u00e1lise de seus ajustes de privacidade, um usu\u00e1rio europeu \u00e9 for\u00e7ado a estudar as novas condi\u00e7\u00f5es de uso do Facebook para poder usar a rede social.<\/p>\n<p>A companhia americana \u00e9 uma das primeiras multinacionais que anuncia a aplica\u00e7\u00e3o das novas regras europeias, dois dias depois de seu fundador, Mark Zuckerberg, pedir desculpas ao Parlamento europeu pelas falhas da empresa na hora de proteger dados de seus usu\u00e1rios.<\/p>\n<p>Segundo o GDPR, as grandes plataformas de Internet devem se assegurar de que t\u00eam o consentimento &#8220;livre, espec\u00edfico e informado&#8221; de seus usu\u00e1rios em rela\u00e7\u00e3o a seus dados pessoais.<\/p>\n<p><em>Fonte: Uol<\/em><\/p>\n","protected":false},"excerpt":{"rendered":"<p>Companhia \u00e9 uma das primeiras a anunciar aplica\u00e7\u00e3o das novas regras europeias<\/p>\n","protected":false},"author":10,"featured_media":8062,"comment_status":"closed","ping_status":"closed","sticky":false,"template":"","format":"standard","meta":{"footnotes":""},"categories":[3084,2835],"tags":[1903,237,5,15],"class_list":["post-11086","post","type-post","status-publish","format-standard","has-post-thumbnail","hentry","category-mundo","category-tecnologia","tag-brasil","tag-facebook","tag-jundiai","tag-tvtec"],"_links":{"self":[{"href":"https:\/\/tvtecjundiai.com.br\/news\/wp-json\/wp\/v2\/posts\/11086","targetHints":{"allow":["GET"]}}],"collection":[{"href":"https:\/\/tvtecjundiai.com.br\/news\/wp-json\/wp\/v2\/posts"}],"about":[{"href":"https:\/\/tvtecjundiai.com.br\/news\/wp-json\/wp\/v2\/types\/post"}],"author":[{"embeddable":true,"href":"https:\/\/tvtecjundiai.com.br\/news\/wp-json\/wp\/v2\/users\/10"}],"replies":[{"embeddable":true,"href":"https:\/\/tvtecjundiai.com.br\/news\/wp-json\/wp\/v2\/comments?post=11086"}],"version-history":[{"count":1,"href":"https:\/\/tvtecjundiai.com.br\/news\/wp-json\/wp\/v2\/posts\/11086\/revisions"}],"predecessor-version":[{"id":11087,"href":"https:\/\/tvtecjundiai.com.br\/news\/wp-json\/wp\/v2\/posts\/11086\/revisions\/11087"}],"wp:featuredmedia":[{"embeddable":true,"href":"https:\/\/tvtecjundiai.com.br\/news\/wp-json\/wp\/v2\/media\/8062"}],"wp:attachment":[{"href":"https:\/\/tvtecjundiai.com.br\/news\/wp-json\/wp\/v2\/media?parent=11086"}],"wp:term":[{"taxonomy":"category","embeddable":true,"href":"https:\/\/tvtecjundiai.com.br\/news\/wp-json\/wp\/v2\/categories?post=11086"},{"taxonomy":"post_tag","embeddable":true,"href":"https:\/\/tvtecjundiai.com.br\/news\/wp-json\/wp\/v2\/tags?post=11086"}],"curies":[{"name":"wp","href":"https:\/\/api.w.org\/{rel}","templated":true}]}}