{"id":110869,"date":"2023-06-15T14:50:44","date_gmt":"2023-06-15T17:50:44","guid":{"rendered":"https:\/\/tvtecjundiai.com.br\/news\/?p=110869"},"modified":"2023-06-15T14:52:49","modified_gmt":"2023-06-15T17:52:49","slug":"motociclista-de-jundiai-inspira-evento-de-conscientizacao-sobre-esclerose-lateral-amiotrofica","status":"publish","type":"post","link":"https:\/\/tvtecjundiai.com.br\/news\/2023\/06\/15\/motociclista-de-jundiai-inspira-evento-de-conscientizacao-sobre-esclerose-lateral-amiotrofica\/","title":{"rendered":"Motociclista de Jundia\u00ed inspira evento de conscientiza\u00e7\u00e3o sobre Esclerose Lateral Amiotr\u00f3fica"},"content":{"rendered":"\n<p>A hist\u00f3ria de dois motociclistas que tiveram diagn\u00f3stico de Esclerose Lateral Amiotr\u00f3fica (ELA), sendo um deles o morador de Jundia\u00ed Dirceu Manzatto Junior, conhecido como Jun\u00e3o, foi o combust\u00edvel para que a Associa\u00e7\u00e3o Brasileira de Esclerose Lateral Amiotr\u00f3fica (ABrELA) e a Associa\u00e7\u00e3o Pr\u00f3-Cura da ELA se unissem para criar um grande evento em S\u00e3o Paulo, o \u201cELA nas Ruas\u201d.<\/p>\n\n\n\n<p>O encontro ser\u00e1 no domingo (18), a partir das 9h, na pra\u00e7a Charles Miller, que fica regi\u00e3o central da capital, em frente ao est\u00e1dio do Pacaembu. S\u00e3o esperados motociclistas do Estado de S\u00e3o Paulo e de outras partes do Brasil. O &#8220;ELA nas Ruas&#8221; tamb\u00e9m est\u00e1 em busca de mais apoiadores para ajudar nas atividades programadas do dia 18.<\/p>\n\n\n\n<p>A ELA \u00e9 uma doen\u00e7a degenerativa que afeta o sistema nervoso da pessoa\u00a0e causa uma paralisia motora irrevers\u00edvel. N\u00e3o tem causa conhecida e \u00e9 considerada rara. <\/p>\n\n\n\n<p>O objetivo do encontro \u00e9 pedir ajuda e conscientizar a popula\u00e7\u00e3o sobre a doen\u00e7a. Aberto \u00e0 popula\u00e7\u00e3o e totalmente beneficente, o evento \u00e9 feito tamb\u00e9m para quem n\u00e3o possui motocicleta. No local, profissionais v\u00e3o falar sobre a doen\u00e7a, sintomas e cuidados que os pacientes devem ter. Al\u00e9m disso, haver\u00e1 atendimento da Pol\u00edcia Civil para emiss\u00e3o de RGs (IIRGD), informa\u00e7\u00f5es e preven\u00e7\u00e3o ao uso de drogas pelo Departamento Estadual de Repress\u00e3o ao Narcotr\u00e1fico (Denarc).<\/p>\n\n\n\n<p>Dirceu Manzatto Junior, conhecido como Jun\u00e3o, \u00e9 morador de Jundia\u00ed e ajudou a fundar um grupo de motociclistas e luta h\u00e1 seis anos contra a ELA. <\/p>\n\n\n<div class=\"wp-block-image\">\n<figure class=\"aligncenter size-full\"><img loading=\"lazy\" decoding=\"async\" width=\"639\" height=\"404\" src=\"https:\/\/tvtecjundiai.com.br\/news\/wp-content\/uploads\/sites\/2\/2023\/06\/los-condes-jundiai.jpg\" alt=\"\" class=\"wp-image-110874\" srcset=\"https:\/\/tvtecjundiai.com.br\/news\/wp-content\/uploads\/sites\/2\/2023\/06\/los-condes-jundiai.jpg 639w, https:\/\/tvtecjundiai.com.br\/news\/wp-content\/uploads\/sites\/2\/2023\/06\/los-condes-jundiai-300x190.jpg 300w\" sizes=\"auto, (max-width: 639px) 100vw, 639px\" \/><\/figure>\n<\/div>\n\n\n<p><\/p>\n\n\n\n<p>Jun\u00e3o teve o diagn\u00f3stico confirmado em 2017. Por conta disso, deixou de fazer o que mais gostava: rodar com a Dyna Super Glide da Harley Davidson, sua motocicleta. Ele \u00e9 um dos fundadores do grupo de motociclistas Los Condes, de Jundia\u00ed mas atualmente est\u00e1 em uma cadeira de rodas.<\/p>\n\n\n\n<p>A irm\u00e3 dele, Monaliza Manzatto, \u00e9 advogada e passou a defender um tratamento adequado para pacientes com ELA. Perdeu o medo de pilotar e hoje usa a motocicleta do irm\u00e3o para participar de eventos e workshops que conscientizam sobre a doen\u00e7a.<\/p>\n\n\n\n<p>A luta pela causa tamb\u00e9m fez com que se tornasse conselheira da Associa\u00e7\u00e3o Brasileira de Esclerose Lateral Amiotr\u00f3fica (ABrELA) &#8211; entidade com 24 anos de exist\u00eancia, que luta em prol da qualidade de vida de pacientes e familiares com a doen\u00e7a.<\/p>\n\n\n\n<p>Outro motociclista que tamb\u00e9m inspirou o encontro \u00e9 F\u00e1bio Carvalho, engenheiro civil e esportista. Ele \u00e9 autor do livro \u201cNa Estrada da Vida &#8211; Seguindo Sempre em Frente\u201d, que conta as aventuras com a motocicleta e tamb\u00e9m fala sobre a esclerose.<\/p>\n\n\n\n<p>Carvalho fez quest\u00e3o de afirmar que nada o impediu de sonhar e manter a esperan\u00e7a. Lan\u00e7ada em 2019, a publica\u00e7\u00e3o tem as vendas totalmente revertidas para a Associa\u00e7\u00e3o Pr\u00f3-Cura da ELA &#8211; outra entidade que, junto com a ABrELA, encabe\u00e7a o evento do dia 18.<\/p>\n\n\n\n<p><strong><em>(Fonte: g1\/Imagem: Los Condes\/Divulga\u00e7\u00e3o)<\/em><\/strong><\/p>\n","protected":false},"excerpt":{"rendered":"<p>O encontro ser\u00e1 no domingo (18), a partir das 9h, na pra\u00e7a Charles Miller, em S\u00e3o Paulo<\/p>\n","protected":false},"author":30,"featured_media":110874,"comment_status":"closed","ping_status":"0","sticky":false,"template":"","format":"standard","meta":{"footnotes":""},"categories":[8356,1],"tags":[],"class_list":["post-110869","post","type-post","status-publish","format-standard","has-post-thumbnail","hentry","category-jundiai","category-noticias"],"_links":{"self":[{"href":"https:\/\/tvtecjundiai.com.br\/news\/wp-json\/wp\/v2\/posts\/110869","targetHints":{"allow":["GET"]}}],"collection":[{"href":"https:\/\/tvtecjundiai.com.br\/news\/wp-json\/wp\/v2\/posts"}],"about":[{"href":"https:\/\/tvtecjundiai.com.br\/news\/wp-json\/wp\/v2\/types\/post"}],"author":[{"embeddable":true,"href":"https:\/\/tvtecjundiai.com.br\/news\/wp-json\/wp\/v2\/users\/30"}],"replies":[{"embeddable":true,"href":"https:\/\/tvtecjundiai.com.br\/news\/wp-json\/wp\/v2\/comments?post=110869"}],"version-history":[{"count":3,"href":"https:\/\/tvtecjundiai.com.br\/news\/wp-json\/wp\/v2\/posts\/110869\/revisions"}],"predecessor-version":[{"id":110880,"href":"https:\/\/tvtecjundiai.com.br\/news\/wp-json\/wp\/v2\/posts\/110869\/revisions\/110880"}],"wp:featuredmedia":[{"embeddable":true,"href":"https:\/\/tvtecjundiai.com.br\/news\/wp-json\/wp\/v2\/media\/110874"}],"wp:attachment":[{"href":"https:\/\/tvtecjundiai.com.br\/news\/wp-json\/wp\/v2\/media?parent=110869"}],"wp:term":[{"taxonomy":"category","embeddable":true,"href":"https:\/\/tvtecjundiai.com.br\/news\/wp-json\/wp\/v2\/categories?post=110869"},{"taxonomy":"post_tag","embeddable":true,"href":"https:\/\/tvtecjundiai.com.br\/news\/wp-json\/wp\/v2\/tags?post=110869"}],"curies":[{"name":"wp","href":"https:\/\/api.w.org\/{rel}","templated":true}]}}