{"id":110870,"date":"2023-06-15T14:25:55","date_gmt":"2023-06-15T17:25:55","guid":{"rendered":"https:\/\/tvtecjundiai.com.br\/news\/?p=110870"},"modified":"2023-06-15T14:25:56","modified_gmt":"2023-06-15T17:25:56","slug":"prefeitura-prepara-acoes-com-foco-no-combate-a-violencia-contra-o-idoso","status":"publish","type":"post","link":"https:\/\/tvtecjundiai.com.br\/news\/2023\/06\/15\/prefeitura-prepara-acoes-com-foco-no-combate-a-violencia-contra-o-idoso\/","title":{"rendered":"Prefeitura prepara a\u00e7\u00f5es com foco no combate \u00e0 viol\u00eancia contra o idoso"},"content":{"rendered":"\n<p>A Assessoria de Pol\u00edticas P\u00fablicas para a Pessoa Idosa, que est\u00e1 ligada \u00e0 Unidade de Gest\u00e3o da Casa Civil (UGCC), preparou para a segunda quinzena do m\u00eas de junho uma s\u00e9rie de a\u00e7\u00f5es com foco na conscientiza\u00e7\u00e3o no combate \u00e0 viol\u00eancia contra a pessoa idosa. A campanha faz parte do Programa Junho Violeta, institu\u00eddo pela Lei Municipal n\u00ba 9.058.<\/p>\n\n\n\n<p>\u201cA viol\u00eancia contra a pessoa idosa \u00e9 uma pr\u00e1tica cada vez mais frequente em todo o Brasil e, em Jundia\u00ed, o cen\u00e1rio n\u00e3o \u00e9 diferente. Nesse contexto \u00e9 importante que o Poder P\u00fablico intensifique as a\u00e7\u00f5es e chame a aten\u00e7\u00e3o para este problema, com foco na mitiga\u00e7\u00e3o desses casos\u201d, comenta a Assessora de Pol\u00edticas para a Pessoa Idosa, Alessandra Citelli.<\/p>\n\n\n<div class=\"wp-block-image\">\n<figure class=\"aligncenter size-large\"><img loading=\"lazy\" decoding=\"async\" width=\"1200\" height=\"801\" src=\"https:\/\/tvtecjundiai.com.br\/news\/wp-content\/uploads\/sites\/2\/2023\/06\/palestra_idoso-53-1200x801.jpg\" alt=\"\" class=\"wp-image-110871\" srcset=\"https:\/\/tvtecjundiai.com.br\/news\/wp-content\/uploads\/sites\/2\/2023\/06\/palestra_idoso-53-1200x801.jpg 1200w, https:\/\/tvtecjundiai.com.br\/news\/wp-content\/uploads\/sites\/2\/2023\/06\/palestra_idoso-53-300x200.jpg 300w, https:\/\/tvtecjundiai.com.br\/news\/wp-content\/uploads\/sites\/2\/2023\/06\/palestra_idoso-53-768x512.jpg 768w, https:\/\/tvtecjundiai.com.br\/news\/wp-content\/uploads\/sites\/2\/2023\/06\/palestra_idoso-53.jpg 1280w\" sizes=\"auto, (max-width: 1200px) 100vw, 1200px\" \/><figcaption class=\"wp-element-caption\">Roda de conversa com idosos faz parte da programa\u00e7\u00e3o do Junho Violeta<\/figcaption><\/figure>\n<\/div>\n\n\n<p>A primeira a\u00e7\u00e3o est\u00e1 prevista para segunda-feira (19), com uma capacita\u00e7\u00e3o para servidores municipais. As atividades se estendem at\u00e9 o dia 30 deste m\u00eas. Vale dizer que nesta quinta-feira (15) \u00e9 celebrado o Dia Mundial de Conscientiza\u00e7\u00e3o da Viol\u00eancia contra a Pessoa Idosa. A data foi institu\u00edda em 2006 pela Organiza\u00e7\u00e3o das Na\u00e7\u00f5es Unidas (ONU) e pela Rede Internacional de Preven\u00e7\u00e3o \u00e0 Viol\u00eancia contra o Pessoa Idosa.<\/p>\n\n\n\n<p><strong>Confira a programa\u00e7\u00e3o completa<\/strong><\/p>\n\n\n\n<p><strong>Dia 19 (Segunda-Feira)<\/strong><\/p>\n\n\n\n<ul class=\"wp-block-list\">\n<li><strong>Evento \u2013 Capacita\u00e7\u00e3o para servidores no combate a viol\u00eancia contra a Pessoa Idosa<\/strong><\/li>\n\n\n\n<li><strong>Tema \u2013<\/strong>&nbsp;Viol\u00eancia patrimonial e golpes contra a pessoa idosa<\/li>\n\n\n\n<li><strong>Local<\/strong>&nbsp;\u2013 Fundo Social de Solidariedade de Jundia\u00ed \u2013 Audit\u00f3rio \u2013 anexo ao Parque da Uva, Av. Dona Manoela Lacerda de Vergueiro, s\/n \u2013 port\u00e3o 3<\/li>\n\n\n\n<li><strong>Hor\u00e1rio&nbsp;<\/strong>\u2013 9h30 \u00e0s 11h<\/li>\n\n\n\n<li><strong>Palestrantes&nbsp;<\/strong>\u2013 Procon\/GM<\/li>\n\n\n\n<li><strong>Obs \u2013 Evento exclusivo para servidores municipais&nbsp;<\/strong><\/li>\n<\/ul>\n\n\n\n<p><strong>Dia 22 (Quinta-feira)&nbsp;<\/strong><\/p>\n\n\n\n<ul class=\"wp-block-list\">\n<li><strong>Evento \u2013 Dia Mundial de Combate \u00e0 Viol\u00eancia Contra a Pessoa Idosa<\/strong><\/li>\n\n\n\n<li><strong>Tema \u2013<\/strong>&nbsp;Intergeracionalidade como fator de preven\u00e7\u00e3o da viol\u00eancia contra a pessoa idosa<\/li>\n\n\n\n<li><strong>Palestrantes&nbsp;<\/strong>\u2013 Alessandra Citelli, Let\u00edcia Atique Branco e Paulo Fernando de Almeida<\/li>\n\n\n\n<li><strong>Local \u2013<\/strong>&nbsp;Pa\u00e7o Municipal \u2013 8\u00ba Andar \u2013 Audit\u00f3rio \u2013 Avenida da Liberdade S\/N<\/li>\n\n\n\n<li><strong>Hor\u00e1rio&nbsp;<\/strong>\u2013 9h \u00e0s 10h30<\/li>\n<\/ul>\n\n\n\n<p><strong>Dia 27 (Ter\u00e7a-Feira)<\/strong><\/p>\n\n\n\n<ul class=\"wp-block-list\">\n<li><strong>Evento \u2013 &nbsp;Encontro das Flores: Respeito ao Viver!&nbsp;<\/strong><\/li>\n\n\n\n<li><strong>Palestrantes \u2013<\/strong>&nbsp;Roberta Daroz Fioresi e Sileni Aparecida dos Santos<\/li>\n\n\n\n<li><strong>Local \u2013<\/strong>&nbsp;CCI \u2013 Vila Argos \u2013 Av. Dr. Cavalcanti, 396 \u2013 Vila Arens<\/li>\n\n\n\n<li><strong>Hor\u00e1rio \u2013<\/strong>&nbsp;9h \u00e0s 10h30<\/li>\n<\/ul>\n\n\n\n<p><strong>Dia 27 (Ter\u00e7a-Feira)&nbsp;<\/strong><\/p>\n\n\n\n<ul class=\"wp-block-list\">\n<li><strong>Evento \u2013 Campanha Fique ligado! \u2013 Golpes e Direitos do Consumidor Idoso<\/strong><\/li>\n\n\n\n<li><strong>Tema \u2013<\/strong>&nbsp;Campanha Fique ligado! \u2013 Golpes e Direitos do Consumidor Idoso<\/li>\n\n\n\n<li><strong>Palestrantes&nbsp;<\/strong>\u2013 Equipe Procon Jundia\u00ed com atendimento no local<\/li>\n\n\n\n<li><strong>Local \u2013<\/strong>&nbsp;UBS \u2013 Vila Ana<\/li>\n\n\n\n<li><strong>Hor\u00e1rio<\/strong>&nbsp;\u2013 14h<\/li>\n<\/ul>\n\n\n\n<p><strong>Dia 30 (Sexta-Feira)&nbsp;<\/strong><\/p>\n\n\n\n<ul class=\"wp-block-list\">\n<li><strong>Evento \u2013 Roda de Conversa<\/strong><\/li>\n\n\n\n<li><strong>Tema \u2013 Esporte e lazer como fator importante no combate a viol\u00eancia contra a pessoa Idosa<\/strong><\/li>\n\n\n\n<li><strong>Palestrantes \u2013<\/strong>&nbsp;Ana Paula Citelli e Michael Lenk Greg\u00f3rio<\/li>\n\n\n\n<li><strong>Local \u2013<\/strong>&nbsp;CCI \u2013 Vila Hortol\u00e2ndia \u2013 Av. Alexandre Ludke, 700 \u2013 Vila Hortol\u00e2ndia<\/li>\n\n\n\n<li><strong>Hor\u00e1rio \u2013<\/strong>\u00a014h \u00e0s 15h<\/li>\n<\/ul>\n\n\n\n<p><strong><em>Fonte \/ Imagem: Prefeitura de Jundia\u00ed<\/em><\/strong><\/p>\n","protected":false},"excerpt":{"rendered":"<p>Roda de conversa com idosos faz parte da programa\u00e7\u00e3o do Junho Violeta<\/p>\n","protected":false},"author":30,"featured_media":110871,"comment_status":"closed","ping_status":"0","sticky":false,"template":"","format":"standard","meta":{"footnotes":""},"categories":[8356,1],"tags":[],"class_list":["post-110870","post","type-post","status-publish","format-standard","has-post-thumbnail","hentry","category-jundiai","category-noticias"],"_links":{"self":[{"href":"https:\/\/tvtecjundiai.com.br\/news\/wp-json\/wp\/v2\/posts\/110870","targetHints":{"allow":["GET"]}}],"collection":[{"href":"https:\/\/tvtecjundiai.com.br\/news\/wp-json\/wp\/v2\/posts"}],"about":[{"href":"https:\/\/tvtecjundiai.com.br\/news\/wp-json\/wp\/v2\/types\/post"}],"author":[{"embeddable":true,"href":"https:\/\/tvtecjundiai.com.br\/news\/wp-json\/wp\/v2\/users\/30"}],"replies":[{"embeddable":true,"href":"https:\/\/tvtecjundiai.com.br\/news\/wp-json\/wp\/v2\/comments?post=110870"}],"version-history":[{"count":1,"href":"https:\/\/tvtecjundiai.com.br\/news\/wp-json\/wp\/v2\/posts\/110870\/revisions"}],"predecessor-version":[{"id":110872,"href":"https:\/\/tvtecjundiai.com.br\/news\/wp-json\/wp\/v2\/posts\/110870\/revisions\/110872"}],"wp:featuredmedia":[{"embeddable":true,"href":"https:\/\/tvtecjundiai.com.br\/news\/wp-json\/wp\/v2\/media\/110871"}],"wp:attachment":[{"href":"https:\/\/tvtecjundiai.com.br\/news\/wp-json\/wp\/v2\/media?parent=110870"}],"wp:term":[{"taxonomy":"category","embeddable":true,"href":"https:\/\/tvtecjundiai.com.br\/news\/wp-json\/wp\/v2\/categories?post=110870"},{"taxonomy":"post_tag","embeddable":true,"href":"https:\/\/tvtecjundiai.com.br\/news\/wp-json\/wp\/v2\/tags?post=110870"}],"curies":[{"name":"wp","href":"https:\/\/api.w.org\/{rel}","templated":true}]}}