{"id":110882,"date":"2023-06-15T15:26:19","date_gmt":"2023-06-15T18:26:19","guid":{"rendered":"https:\/\/tvtecjundiai.com.br\/news\/?p=110882"},"modified":"2023-06-15T15:26:20","modified_gmt":"2023-06-15T18:26:20","slug":"saldao-solidario-latraviata-em-prol-da-amarati-vai-ate-sabado-17","status":"publish","type":"post","link":"https:\/\/tvtecjundiai.com.br\/news\/2023\/06\/15\/saldao-solidario-latraviata-em-prol-da-amarati-vai-ate-sabado-17\/","title":{"rendered":"Sald\u00e3o Solid\u00e1rio Latraviata em prol da Amarati vai at\u00e9 s\u00e1bado (17)"},"content":{"rendered":"\n<p>O Sald\u00e3o Solid\u00e1rio Latraviata em prol da Amarati (Associa\u00e7\u00e3o de Educa\u00e7\u00e3o Terap\u00eautica para Portadores de Les\u00f5es Neurol\u00f3gicas) vai at\u00e9 s\u00e1bado (17) com descontos em todos os cal\u00e7ados femininos, masculinos e infantis. Os interessados devem ir at\u00e9 a entidade, que fica na rua Jos\u00e9 Maria Marinho, 266, Vila Agr\u00edcola, das 9h \u00e0s 18h.<\/p>\n\n\n\n<p>A entrada \u00e9 gratuita e parte do valor arrecadado ser\u00e1 revertido para a institui\u00e7\u00e3o, que h\u00e1 mais de 35 anos atende pessoas com defici\u00eancia causadas por les\u00f5es neurol\u00f3gicas, como paralisia cerebral, mielomeningoceles, s\u00edndromes gen\u00e9ticas, distrofias musculares e les\u00f5es medulares.<\/p>\n\n\n\n<p><strong>Sald\u00e3o Solid\u00e1rio Latraviata<\/strong><\/p>\n\n\n\n<ul class=\"wp-block-list\">\n<li>At\u00e9 o dia 17 de junho, das 9h \u00e0s 18h<\/li>\n\n\n\n<li><strong>Local: <\/strong>rua Jos\u00e9 Maria Marinho, 266, Vila Agr\u00edcola.<\/li>\n<\/ul>\n\n\n<div class=\"wp-block-image\">\n<figure class=\"aligncenter size-full\"><img loading=\"lazy\" decoding=\"async\" width=\"589\" height=\"376\" src=\"https:\/\/tvtecjundiai.com.br\/news\/wp-content\/uploads\/sites\/2\/2023\/06\/saldao-latraviata-jundiai.jpg\" alt=\"\" class=\"wp-image-110883\" srcset=\"https:\/\/tvtecjundiai.com.br\/news\/wp-content\/uploads\/sites\/2\/2023\/06\/saldao-latraviata-jundiai.jpg 589w, https:\/\/tvtecjundiai.com.br\/news\/wp-content\/uploads\/sites\/2\/2023\/06\/saldao-latraviata-jundiai-300x192.jpg 300w\" sizes=\"auto, (max-width: 589px) 100vw, 589px\" \/><\/figure>\n<\/div>\n\n\n<p><\/p>\n\n\n\n<p><strong><em>(Fonte: TVTEC Jundia\u00ed\/Imagem: Divulga\u00e7\u00e3o\/LaTraviata)<\/em><\/strong><\/p>\n","protected":false},"excerpt":{"rendered":"<p>Os interessados devem ir at\u00e9 a rua Jos\u00e9 Maria Marinho, 266, Vila Agr\u00edcola, das 9h \u00e0s 18h<\/p>\n","protected":false},"author":30,"featured_media":110883,"comment_status":"closed","ping_status":"0","sticky":false,"template":"","format":"standard","meta":{"footnotes":""},"categories":[8356,1],"tags":[],"class_list":["post-110882","post","type-post","status-publish","format-standard","has-post-thumbnail","hentry","category-jundiai","category-noticias"],"_links":{"self":[{"href":"https:\/\/tvtecjundiai.com.br\/news\/wp-json\/wp\/v2\/posts\/110882","targetHints":{"allow":["GET"]}}],"collection":[{"href":"https:\/\/tvtecjundiai.com.br\/news\/wp-json\/wp\/v2\/posts"}],"about":[{"href":"https:\/\/tvtecjundiai.com.br\/news\/wp-json\/wp\/v2\/types\/post"}],"author":[{"embeddable":true,"href":"https:\/\/tvtecjundiai.com.br\/news\/wp-json\/wp\/v2\/users\/30"}],"replies":[{"embeddable":true,"href":"https:\/\/tvtecjundiai.com.br\/news\/wp-json\/wp\/v2\/comments?post=110882"}],"version-history":[{"count":1,"href":"https:\/\/tvtecjundiai.com.br\/news\/wp-json\/wp\/v2\/posts\/110882\/revisions"}],"predecessor-version":[{"id":110884,"href":"https:\/\/tvtecjundiai.com.br\/news\/wp-json\/wp\/v2\/posts\/110882\/revisions\/110884"}],"wp:featuredmedia":[{"embeddable":true,"href":"https:\/\/tvtecjundiai.com.br\/news\/wp-json\/wp\/v2\/media\/110883"}],"wp:attachment":[{"href":"https:\/\/tvtecjundiai.com.br\/news\/wp-json\/wp\/v2\/media?parent=110882"}],"wp:term":[{"taxonomy":"category","embeddable":true,"href":"https:\/\/tvtecjundiai.com.br\/news\/wp-json\/wp\/v2\/categories?post=110882"},{"taxonomy":"post_tag","embeddable":true,"href":"https:\/\/tvtecjundiai.com.br\/news\/wp-json\/wp\/v2\/tags?post=110882"}],"curies":[{"name":"wp","href":"https:\/\/api.w.org\/{rel}","templated":true}]}}