{"id":11090,"date":"2018-05-25T10:41:29","date_gmt":"2018-05-25T13:41:29","guid":{"rendered":"https:\/\/tvtecjundiai.com.br\/news\/?p=11090"},"modified":"2018-05-25T14:47:08","modified_gmt":"2018-05-25T17:47:08","slug":"temperaturas-sobem-em-jundiai-na-proxima-semana","status":"publish","type":"post","link":"https:\/\/tvtecjundiai.com.br\/news\/2018\/05\/25\/temperaturas-sobem-em-jundiai-na-proxima-semana\/","title":{"rendered":"Temperaturas sobem em Jundia\u00ed na pr\u00f3xima semana"},"content":{"rendered":"<p>O ar polar come\u00e7a a enfraquecer sobre o estado de S\u00e3o Paulo neste fim de semana,\u00a0o que vai permitir uma eleva\u00e7\u00e3o nas temperaturas nas pr\u00f3ximas madrugadas.\u00a0O interior de S\u00e3o Paulo n\u00e3o vai ficar t\u00e3o ensolarado como nos \u00faltimos dias. A nebulosidade tamb\u00e9m se espalha, mas a chance de alguma chuva \u00e9 muita baixa. A sensa\u00e7\u00e3o de frio tamb\u00e9m diminui.<\/p>\n<p>Segundo o Climatempo, at\u00e9 a sexta-feira do dia 1\u00ba, as m\u00ednimas em Jundia\u00ed devem continuar em torno dos 12\u00baC, enquanto a m\u00e1xima pode atingir at\u00e9 26\u00baC durante a pr\u00f3xima semana. Os dias devem permanecer ensolarados e sem possibilidade de chuva.<\/p>\n<p>J\u00e1 no feriado prolongado de Corpus Christi, o Climatempo informa que a previs\u00e3o inicial \u00e9 de uma nova frente fria\u00a0que poder\u00e1 atingir S\u00e3o Paulo no feriado, causando grande aumento de nuvens, chuva e nova queda nas temperaturas.<\/p>\n<p><em>Fonte: Climatempo<\/em><\/p>\n","protected":false},"excerpt":{"rendered":"<p>No feriado de Corpus Christi, nova frente fria\u00a0pode atingir a regi\u00e3o<\/p>\n","protected":false},"author":10,"featured_media":11091,"comment_status":"closed","ping_status":"closed","sticky":false,"template":"","format":"standard","meta":{"footnotes":""},"categories":[2834,3185],"tags":[484,5,15],"class_list":["post-11090","post","type-post","status-publish","format-standard","has-post-thumbnail","hentry","category-cidades","category-clima","tag-estado-de-sao-paulo","tag-jundiai","tag-tvtec"],"_links":{"self":[{"href":"https:\/\/tvtecjundiai.com.br\/news\/wp-json\/wp\/v2\/posts\/11090","targetHints":{"allow":["GET"]}}],"collection":[{"href":"https:\/\/tvtecjundiai.com.br\/news\/wp-json\/wp\/v2\/posts"}],"about":[{"href":"https:\/\/tvtecjundiai.com.br\/news\/wp-json\/wp\/v2\/types\/post"}],"author":[{"embeddable":true,"href":"https:\/\/tvtecjundiai.com.br\/news\/wp-json\/wp\/v2\/users\/10"}],"replies":[{"embeddable":true,"href":"https:\/\/tvtecjundiai.com.br\/news\/wp-json\/wp\/v2\/comments?post=11090"}],"version-history":[{"count":6,"href":"https:\/\/tvtecjundiai.com.br\/news\/wp-json\/wp\/v2\/posts\/11090\/revisions"}],"predecessor-version":[{"id":11118,"href":"https:\/\/tvtecjundiai.com.br\/news\/wp-json\/wp\/v2\/posts\/11090\/revisions\/11118"}],"wp:featuredmedia":[{"embeddable":true,"href":"https:\/\/tvtecjundiai.com.br\/news\/wp-json\/wp\/v2\/media\/11091"}],"wp:attachment":[{"href":"https:\/\/tvtecjundiai.com.br\/news\/wp-json\/wp\/v2\/media?parent=11090"}],"wp:term":[{"taxonomy":"category","embeddable":true,"href":"https:\/\/tvtecjundiai.com.br\/news\/wp-json\/wp\/v2\/categories?post=11090"},{"taxonomy":"post_tag","embeddable":true,"href":"https:\/\/tvtecjundiai.com.br\/news\/wp-json\/wp\/v2\/tags?post=11090"}],"curies":[{"name":"wp","href":"https:\/\/api.w.org\/{rel}","templated":true}]}}