{"id":110900,"date":"2023-06-16T09:33:56","date_gmt":"2023-06-16T12:33:56","guid":{"rendered":"https:\/\/tvtecjundiai.com.br\/news\/?p=110900"},"modified":"2023-06-16T09:43:55","modified_gmt":"2023-06-16T12:43:55","slug":"jundiai-deve-atingir-minima-de-7c-neste-fim-de-semana","status":"publish","type":"post","link":"https:\/\/tvtecjundiai.com.br\/news\/2023\/06\/16\/jundiai-deve-atingir-minima-de-7c-neste-fim-de-semana\/","title":{"rendered":"Jundia\u00ed deve atingir m\u00ednima de 7\u00b0C neste fim de semana"},"content":{"rendered":"\n<p>As baixas temperaturas registradas em Jundia\u00ed nos \u00faltimos dias continuam no fim de semana e s\u00e3o consequ\u00eancias da massa de ar frio que atinge a regi\u00e3o. Segundo o Instituto Nacional de Meteorologia (Inmet), os term\u00f4metros devem ficar entre 7\u00b0C e 19\u00b0C no munic\u00edpio.<\/p>\n\n\n\n<p>Nesta sexta-feira (16), a previs\u00e3o \u00e9 de muitas nuvens e chuva isolada pela manh\u00e3. Os term\u00f4metros ficam entre 8\u00b0C e 15\u00b0C.<\/p>\n\n\n<div class=\"wp-block-image\">\n<figure class=\"aligncenter size-large is-resized\"><img loading=\"lazy\" decoding=\"async\" src=\"https:\/\/tvtecjundiai.com.br\/news\/wp-content\/uploads\/sites\/2\/2023\/06\/previsao-do-tempo-chuvas-jundiai-frio-frente-fria-1200x801.jpg\" alt=\"\" class=\"wp-image-110906\" width=\"656\" height=\"437\" srcset=\"https:\/\/tvtecjundiai.com.br\/news\/wp-content\/uploads\/sites\/2\/2023\/06\/previsao-do-tempo-chuvas-jundiai-frio-frente-fria-1200x801.jpg 1200w, https:\/\/tvtecjundiai.com.br\/news\/wp-content\/uploads\/sites\/2\/2023\/06\/previsao-do-tempo-chuvas-jundiai-frio-frente-fria-300x200.jpg 300w, https:\/\/tvtecjundiai.com.br\/news\/wp-content\/uploads\/sites\/2\/2023\/06\/previsao-do-tempo-chuvas-jundiai-frio-frente-fria-768x512.jpg 768w, https:\/\/tvtecjundiai.com.br\/news\/wp-content\/uploads\/sites\/2\/2023\/06\/previsao-do-tempo-chuvas-jundiai-frio-frente-fria.jpg 1280w\" sizes=\"auto, (max-width: 656px) 100vw, 656px\" \/><\/figure>\n<\/div>\n\n\n<p><\/p>\n\n\n\n<p>No s\u00e1bado (17) n\u00e3o h\u00e1 previs\u00e3o de chuva, mas segundo o Inmet os term\u00f4metros devem marcar entre 7\u00b0C e 17\u00b0C, atingindo a m\u00ednima prevista para o fim de semana.<\/p>\n\n\n\n<p>No domingo (18), o dia deve ser de muitas nuvens e h\u00e1 possibilidade de pancadas de chuva isoladas. A temperatura fica entre 10\u00b0C e 19\u00b0C.<\/p>\n\n\n\n<p><em><strong>(Fonte: TVTEC Jundia\u00ed\/Imagem: Prefeitura de Jundia\u00ed)<\/strong><\/em><\/p>\n","protected":false},"excerpt":{"rendered":"<p>As baixas temperaturas registradas na cidade continuam nos pr\u00f3ximos dias<\/p>\n","protected":false},"author":30,"featured_media":110906,"comment_status":"closed","ping_status":"0","sticky":false,"template":"","format":"standard","meta":{"footnotes":""},"categories":[3185,8356,1],"tags":[],"class_list":["post-110900","post","type-post","status-publish","format-standard","has-post-thumbnail","hentry","category-clima","category-jundiai","category-noticias"],"_links":{"self":[{"href":"https:\/\/tvtecjundiai.com.br\/news\/wp-json\/wp\/v2\/posts\/110900","targetHints":{"allow":["GET"]}}],"collection":[{"href":"https:\/\/tvtecjundiai.com.br\/news\/wp-json\/wp\/v2\/posts"}],"about":[{"href":"https:\/\/tvtecjundiai.com.br\/news\/wp-json\/wp\/v2\/types\/post"}],"author":[{"embeddable":true,"href":"https:\/\/tvtecjundiai.com.br\/news\/wp-json\/wp\/v2\/users\/30"}],"replies":[{"embeddable":true,"href":"https:\/\/tvtecjundiai.com.br\/news\/wp-json\/wp\/v2\/comments?post=110900"}],"version-history":[{"count":2,"href":"https:\/\/tvtecjundiai.com.br\/news\/wp-json\/wp\/v2\/posts\/110900\/revisions"}],"predecessor-version":[{"id":110923,"href":"https:\/\/tvtecjundiai.com.br\/news\/wp-json\/wp\/v2\/posts\/110900\/revisions\/110923"}],"wp:featuredmedia":[{"embeddable":true,"href":"https:\/\/tvtecjundiai.com.br\/news\/wp-json\/wp\/v2\/media\/110906"}],"wp:attachment":[{"href":"https:\/\/tvtecjundiai.com.br\/news\/wp-json\/wp\/v2\/media?parent=110900"}],"wp:term":[{"taxonomy":"category","embeddable":true,"href":"https:\/\/tvtecjundiai.com.br\/news\/wp-json\/wp\/v2\/categories?post=110900"},{"taxonomy":"post_tag","embeddable":true,"href":"https:\/\/tvtecjundiai.com.br\/news\/wp-json\/wp\/v2\/tags?post=110900"}],"curies":[{"name":"wp","href":"https:\/\/api.w.org\/{rel}","templated":true}]}}