{"id":110909,"date":"2023-06-16T09:33:38","date_gmt":"2023-06-16T12:33:38","guid":{"rendered":"https:\/\/tvtecjundiai.com.br\/news\/?p=110909"},"modified":"2023-06-16T09:33:38","modified_gmt":"2023-06-16T12:33:38","slug":"jundiai-fara-audiencia-publica-sobre-plano-municipal-de-seguranca","status":"publish","type":"post","link":"https:\/\/tvtecjundiai.com.br\/news\/2023\/06\/16\/jundiai-fara-audiencia-publica-sobre-plano-municipal-de-seguranca\/","title":{"rendered":"Jundia\u00ed far\u00e1 audi\u00eancia p\u00fablica sobre Plano Municipal de Seguran\u00e7a"},"content":{"rendered":"\n<p>Jundia\u00ed \u00e9 uma das poucas cidades do pa\u00eds a dispor do seu pr\u00f3prio Plano Municipal de Seguran\u00e7a. Em 2022, a partir de projeto espec\u00edfico contratado pela administra\u00e7\u00e3o municipal, foi desenvolvida an\u00e1lise da viol\u00eancia e da criminalidade da cidade. O material foi compilado e embasou o novo Plano de Seguran\u00e7a da cidade, que ser\u00e1 apresentado em audi\u00eancia p\u00fablica, no dia 5 de julho. A audi\u00eancia ter\u00e1 transmiss\u00e3o da Unidade de Gest\u00e3o de Inova\u00e7\u00e3o e Rela\u00e7\u00e3o com o Cidad\u00e3o (UGIRC), no Youtube da Prefeitura de Jundia\u00ed, a partir das 18h.<\/p>\n\n\n\n<p>Foram entrevistadas pelo F\u00f3rum Brasileiro de Seguran\u00e7a P\u00fablica,\u00a0autoridades p\u00fablicas, representantes da sociedade civil e ainda 1600 pessoas em todos os bairros de Jundia\u00ed que juntamente com os dados estat\u00edsticos de atendimentos das atua\u00e7\u00f5es das for\u00e7as de seguran\u00e7a comp\u00f5em o material que ser\u00e1 apresentado.<\/p>\n\n\n<div class=\"wp-block-image\">\n<figure class=\"aligncenter size-large is-resized\"><img loading=\"lazy\" decoding=\"async\" src=\"https:\/\/tvtecjundiai.com.br\/news\/wp-content\/uploads\/sites\/2\/2023\/06\/segura-1-1200x800.jpeg\" alt=\"\" class=\"wp-image-110910\" width=\"840\" height=\"560\" srcset=\"https:\/\/tvtecjundiai.com.br\/news\/wp-content\/uploads\/sites\/2\/2023\/06\/segura-1-1200x800.jpeg 1200w, https:\/\/tvtecjundiai.com.br\/news\/wp-content\/uploads\/sites\/2\/2023\/06\/segura-1-300x200.jpeg 300w, https:\/\/tvtecjundiai.com.br\/news\/wp-content\/uploads\/sites\/2\/2023\/06\/segura-1-768x512.jpeg 768w, https:\/\/tvtecjundiai.com.br\/news\/wp-content\/uploads\/sites\/2\/2023\/06\/segura-1.jpeg 1280w\" sizes=\"auto, (max-width: 840px) 100vw, 840px\" \/><figcaption class=\"wp-element-caption\">Primeira fase do trabalho teve apresenta\u00e7\u00e3o em setembro<\/figcaption><\/figure>\n<\/div>\n\n\n<p>O objetivo do trabalho \u00e9 apresentar as informa\u00e7\u00f5es, coletar sugest\u00f5es e levar ao conhecimento da sociedade jundiaiense um diagn\u00f3stico da seguran\u00e7a p\u00fablica no munic\u00edpio, com a participa\u00e7\u00e3o da sociedade civil. O evento&nbsp;ser\u00e1 realizado no audit\u00f3rio do 8\u00ba andar do Pa\u00e7o Municipal e contar\u00e1 com prefeito, gestores e autoridades das for\u00e7as de seguran\u00e7a.<\/p>\n\n\n\n<p>Para participar, basta acessar, no site da Prefeitura de Jundia\u00ed, na aba \u201cServi\u00e7os mais acessados\u201d o link \u2018<a href=\"https:\/\/gm.jundiai.sp.gov.br\/audiencia-publica-plano-municipal-de-seguranca\/\">Plano de Seguran\u00e7a<\/a>\u2018. Ao realizar o cadastro, \u00e9 poss\u00edvel enviar as perguntas para que sejam respondidas no dia da audi\u00eancia.<\/p>\n\n\n\n<p>O prazo para oferecimento das contribui\u00e7\u00f5es se encerra 72\u00a0horas antes do in\u00edcio da audi\u00eancia.<\/p>\n\n\n\n<p>Fonte \/ Imagem: Prefeitura de Jundia\u00ed<\/p>\n","protected":false},"excerpt":{"rendered":"<p>Primeira fase do trabalho teve apresenta\u00e7\u00e3o em setembro<\/p>\n","protected":false},"author":30,"featured_media":110910,"comment_status":"closed","ping_status":"0","sticky":false,"template":"","format":"standard","meta":{"footnotes":""},"categories":[8356,1],"tags":[],"class_list":["post-110909","post","type-post","status-publish","format-standard","has-post-thumbnail","hentry","category-jundiai","category-noticias"],"_links":{"self":[{"href":"https:\/\/tvtecjundiai.com.br\/news\/wp-json\/wp\/v2\/posts\/110909","targetHints":{"allow":["GET"]}}],"collection":[{"href":"https:\/\/tvtecjundiai.com.br\/news\/wp-json\/wp\/v2\/posts"}],"about":[{"href":"https:\/\/tvtecjundiai.com.br\/news\/wp-json\/wp\/v2\/types\/post"}],"author":[{"embeddable":true,"href":"https:\/\/tvtecjundiai.com.br\/news\/wp-json\/wp\/v2\/users\/30"}],"replies":[{"embeddable":true,"href":"https:\/\/tvtecjundiai.com.br\/news\/wp-json\/wp\/v2\/comments?post=110909"}],"version-history":[{"count":1,"href":"https:\/\/tvtecjundiai.com.br\/news\/wp-json\/wp\/v2\/posts\/110909\/revisions"}],"predecessor-version":[{"id":110911,"href":"https:\/\/tvtecjundiai.com.br\/news\/wp-json\/wp\/v2\/posts\/110909\/revisions\/110911"}],"wp:featuredmedia":[{"embeddable":true,"href":"https:\/\/tvtecjundiai.com.br\/news\/wp-json\/wp\/v2\/media\/110910"}],"wp:attachment":[{"href":"https:\/\/tvtecjundiai.com.br\/news\/wp-json\/wp\/v2\/media?parent=110909"}],"wp:term":[{"taxonomy":"category","embeddable":true,"href":"https:\/\/tvtecjundiai.com.br\/news\/wp-json\/wp\/v2\/categories?post=110909"},{"taxonomy":"post_tag","embeddable":true,"href":"https:\/\/tvtecjundiai.com.br\/news\/wp-json\/wp\/v2\/tags?post=110909"}],"curies":[{"name":"wp","href":"https:\/\/api.w.org\/{rel}","templated":true}]}}