{"id":110928,"date":"2023-06-16T10:18:01","date_gmt":"2023-06-16T13:18:01","guid":{"rendered":"https:\/\/tvtecjundiai.com.br\/news\/?p=110928"},"modified":"2023-06-16T10:18:02","modified_gmt":"2023-06-16T13:18:02","slug":"volei-feminino-do-time-jundiai-conquista-duas-vitorias-na-liga-de-campinas","status":"publish","type":"post","link":"https:\/\/tvtecjundiai.com.br\/news\/2023\/06\/16\/volei-feminino-do-time-jundiai-conquista-duas-vitorias-na-liga-de-campinas\/","title":{"rendered":"V\u00f4lei feminino do Time Jundia\u00ed conquista duas vit\u00f3rias na Liga de Campinas"},"content":{"rendered":"\n<p>O v\u00f4lei feminino do Time Jundia\u00ed venceu a rodada dupla contra a AJR\/S\u00e3o Paulo, na quarta-fira (14), em S\u00e3o Paulo, pela Liga de Campinas, nas categorias sub-14 e sub-17.<\/p>\n\n\n\n<p>Na categoria sub-14, comandada pelo t\u00e9cnico Ademir Zamboni, a equipe venceu por 3 a 0 (parciais de 25\/01, 25\/01 e 25\/03), somando a sexta vit\u00f3ria na competi\u00e7\u00e3o e assumindo a segunda posi\u00e7\u00e3o na classifica\u00e7\u00e3o. \u201cFoi uma vit\u00f3ria importante, subimos na classifica\u00e7\u00e3o. Nosso saque e ataque foram eficientes e fizeram a diferen\u00e7a\u201d, comentou Zamboni.<\/p>\n\n\n\n<p>A equipe jogou com Giovana, Alice, Grazi, J\u00falia, Nivea, Gabi e a l\u00edbero Marina. Entraram ainda Ana, Isabelly, Catharina, Duda, Isabella, Let\u00edcia e Isadora.<\/p>\n\n\n<div class=\"wp-block-image\">\n<figure class=\"aligncenter size-full\"><img loading=\"lazy\" decoding=\"async\" width=\"1024\" height=\"768\" src=\"https:\/\/tvtecjundiai.com.br\/news\/wp-content\/uploads\/sites\/2\/2023\/06\/volei-feminino.jpg\" alt=\"\" class=\"wp-image-110929\" srcset=\"https:\/\/tvtecjundiai.com.br\/news\/wp-content\/uploads\/sites\/2\/2023\/06\/volei-feminino.jpg 1024w, https:\/\/tvtecjundiai.com.br\/news\/wp-content\/uploads\/sites\/2\/2023\/06\/volei-feminino-300x225.jpg 300w, https:\/\/tvtecjundiai.com.br\/news\/wp-content\/uploads\/sites\/2\/2023\/06\/volei-feminino-768x576.jpg 768w\" sizes=\"auto, (max-width: 1024px) 100vw, 1024px\" \/><figcaption class=\"wp-element-caption\">As equipes aproveitaram bem as oportunidades<\/figcaption><\/figure>\n<\/div>\n\n\n<p>A categoria sub-17, comandada pelo t\u00e9cnico Moacir Regra, tamb\u00e9m venceu por 3 a 0 (parciais de 25\/03, 25\/03 e 25\/06), se mantendo na lideran\u00e7a da competi\u00e7\u00e3o, agora com cinco vit\u00f3rias. \u201cNossa equipe sacou muito bem e aproveitou os contra-ataques, construindo uma vit\u00f3ria importante\u201d, disse Regra.<\/p>\n\n\n\n<p>A equipe jogou com Milena, Gabi, Giovana, Fernanda, Dani, Sabrina e a l\u00edbero Ana. Entraram ainda Ana Paula, Maria Antonia, Melissa, Luisa, Joana, Julia Bardi e a libero J\u00falia.<\/p>\n\n\n\n<p><strong>Amistoso internacional<\/strong><br>Na ter\u00e7a-feira, a categoria sub-21 do Time Jundia\u00ed disputou amistoso internacional contra a sele\u00e7\u00e3o universit\u00e1ria norte-americana D3, no Bol\u00e3o. Em um jogo bastante equilibrado, a equipe jundiaiense perdeu por 3 sets a 0, mas com parciais bastante apertadas:&nbsp; 25\/22, 25\/20 e 25\/22.<\/p>\n\n\n<div class=\"wp-block-image\">\n<figure class=\"aligncenter size-large\"><img loading=\"lazy\" decoding=\"async\" width=\"1200\" height=\"900\" src=\"https:\/\/tvtecjundiai.com.br\/news\/wp-content\/uploads\/sites\/2\/2023\/06\/volei-feminino-amistoso-1200x900.png\" alt=\"\" class=\"wp-image-110931\" srcset=\"https:\/\/tvtecjundiai.com.br\/news\/wp-content\/uploads\/sites\/2\/2023\/06\/volei-feminino-amistoso-1200x900.png 1200w, https:\/\/tvtecjundiai.com.br\/news\/wp-content\/uploads\/sites\/2\/2023\/06\/volei-feminino-amistoso-300x225.png 300w, https:\/\/tvtecjundiai.com.br\/news\/wp-content\/uploads\/sites\/2\/2023\/06\/volei-feminino-amistoso-768x576.png 768w, https:\/\/tvtecjundiai.com.br\/news\/wp-content\/uploads\/sites\/2\/2023\/06\/volei-feminino-amistoso.png 1280w\" sizes=\"auto, (max-width: 1200px) 100vw, 1200px\" \/><figcaption class=\"wp-element-caption\">Partida deu para as nossas um ritmo mais forte para os pr\u00f3ximos campeonatos<\/figcaption><\/figure>\n<\/div>\n\n\n<p>\u201cFoi uma partida bem disputada, que mostramos muito volume de jogo. Nossa equipe sacou bem e aproveitou os contra-ataques com muita velocidade. O time norte-americano tamb\u00e9m mostrou agressividade nos saques e contra-ataques. Foi uma oportunidade bastante interessante para dar experi\u00eancia \u00e0s nossas atletas\u201d, disse o t\u00e9cnico Ademir Zamboni.<\/p>\n\n\n\n<p>A equipe jundiaiense come\u00e7ou com Bruna, Amanda, Priscila, Duda, Giulia, Bruna e a l\u00edbero Giuliana. Entraram ainda Mirelly, Anna, Mariana, Isabella, Brito, Giovana. O assistente t\u00e9cnico foi Moacir Regra, com o estagi\u00e1rio Renan. A prepara\u00e7\u00e3o f\u00edsica ficou por conta de Bruno Mazzuco.\u00a0A equipe tem apoio da Cereser e Cursinho Pandora.<\/p>\n\n\n\n<p><em><strong>Fonte \/ Imagem: Prefeitura de Jundia\u00ed<\/strong><\/em><\/p>\n","protected":false},"excerpt":{"rendered":"<p>Partida deu para as nossas um ritmo mais forte para os pr\u00f3ximos campeonatos<\/p>\n","protected":false},"author":30,"featured_media":110931,"comment_status":"closed","ping_status":"0","sticky":false,"template":"","format":"standard","meta":{"footnotes":""},"categories":[2827,8356,1],"tags":[],"class_list":["post-110928","post","type-post","status-publish","format-standard","has-post-thumbnail","hentry","category-esportes-e-lazer","category-jundiai","category-noticias"],"_links":{"self":[{"href":"https:\/\/tvtecjundiai.com.br\/news\/wp-json\/wp\/v2\/posts\/110928","targetHints":{"allow":["GET"]}}],"collection":[{"href":"https:\/\/tvtecjundiai.com.br\/news\/wp-json\/wp\/v2\/posts"}],"about":[{"href":"https:\/\/tvtecjundiai.com.br\/news\/wp-json\/wp\/v2\/types\/post"}],"author":[{"embeddable":true,"href":"https:\/\/tvtecjundiai.com.br\/news\/wp-json\/wp\/v2\/users\/30"}],"replies":[{"embeddable":true,"href":"https:\/\/tvtecjundiai.com.br\/news\/wp-json\/wp\/v2\/comments?post=110928"}],"version-history":[{"count":1,"href":"https:\/\/tvtecjundiai.com.br\/news\/wp-json\/wp\/v2\/posts\/110928\/revisions"}],"predecessor-version":[{"id":110932,"href":"https:\/\/tvtecjundiai.com.br\/news\/wp-json\/wp\/v2\/posts\/110928\/revisions\/110932"}],"wp:featuredmedia":[{"embeddable":true,"href":"https:\/\/tvtecjundiai.com.br\/news\/wp-json\/wp\/v2\/media\/110931"}],"wp:attachment":[{"href":"https:\/\/tvtecjundiai.com.br\/news\/wp-json\/wp\/v2\/media?parent=110928"}],"wp:term":[{"taxonomy":"category","embeddable":true,"href":"https:\/\/tvtecjundiai.com.br\/news\/wp-json\/wp\/v2\/categories?post=110928"},{"taxonomy":"post_tag","embeddable":true,"href":"https:\/\/tvtecjundiai.com.br\/news\/wp-json\/wp\/v2\/tags?post=110928"}],"curies":[{"name":"wp","href":"https:\/\/api.w.org\/{rel}","templated":true}]}}