{"id":110953,"date":"2023-06-16T13:59:29","date_gmt":"2023-06-16T16:59:29","guid":{"rendered":"https:\/\/tvtecjundiai.com.br\/news\/?p=110953"},"modified":"2023-06-16T13:59:30","modified_gmt":"2023-06-16T16:59:30","slug":"jundiai-participa-de-forum-nacional-de-transparencia-e-parcerias","status":"publish","type":"post","link":"https:\/\/tvtecjundiai.com.br\/news\/2023\/06\/16\/jundiai-participa-de-forum-nacional-de-transparencia-e-parcerias\/","title":{"rendered":"Jundia\u00ed participa de F\u00f3rum Nacional de Transpar\u00eancia e Parcerias"},"content":{"rendered":"\n<p>Integrantes da equipe da Unidade de Gest\u00e3o da Casa Civil, de Jundia\u00ed, participam do VIII F\u00f3rum Nacional das Transfer\u00eancias e Parcerias da Uni\u00e3o, realizado em Bras\u00edlia. O encontro conta com a presen\u00e7a de gestores e representantes municipais e de entidades p\u00fablicas e privadas dos poderes Executivo, Legislativo e Judici\u00e1rio e foi organizado pela Secretaria de Gest\u00e3o e Inova\u00e7\u00e3o (SEGES), vinculada ao Minist\u00e9rio de Gest\u00e3o e da Inova\u00e7\u00e3o em Servi\u00e7os P\u00fablicos.<\/p>\n\n\n\n<p>Com o objetivo de promover o aprimoramento da gest\u00e3o, s\u00e3o discutidos em pain\u00e9is o modelo de governan\u00e7a adotado pelo poder p\u00fablico, al\u00e9m de articula\u00e7\u00f5es de pol\u00edticas p\u00fablicas, que reproduzam melhoria da qualidade de vida do cidad\u00e3o. Mais de 1 mil pessoas participaram do encontro.<\/p>\n\n\n<div class=\"wp-block-image\">\n<figure class=\"aligncenter size-full\"><img loading=\"lazy\" decoding=\"async\" width=\"960\" height=\"960\" src=\"https:\/\/tvtecjundiai.com.br\/news\/wp-content\/uploads\/sites\/2\/2023\/06\/brasilia-palestra-960x960-1.jpeg\" alt=\"\" class=\"wp-image-110955\" srcset=\"https:\/\/tvtecjundiai.com.br\/news\/wp-content\/uploads\/sites\/2\/2023\/06\/brasilia-palestra-960x960-1.jpeg 960w, https:\/\/tvtecjundiai.com.br\/news\/wp-content\/uploads\/sites\/2\/2023\/06\/brasilia-palestra-960x960-1-300x300.jpeg 300w, https:\/\/tvtecjundiai.com.br\/news\/wp-content\/uploads\/sites\/2\/2023\/06\/brasilia-palestra-960x960-1-100x100.jpeg 100w, https:\/\/tvtecjundiai.com.br\/news\/wp-content\/uploads\/sites\/2\/2023\/06\/brasilia-palestra-960x960-1-768x768.jpeg 768w\" sizes=\"auto, (max-width: 960px) 100vw, 960px\" \/><figcaption class=\"wp-element-caption\">Evento em Bras\u00edlia aconteceu entre 13 a 15 de junho<\/figcaption><\/figure>\n<\/div>\n\n\n<p>\u201cO encontro garante a atualiza\u00e7\u00e3o das equipes em rela\u00e7\u00e3o aos modelos de governan\u00e7a e tamb\u00e9m as legisla\u00e7\u00f5es atuais, como a recente aplica\u00e7\u00e3o da lei de licita\u00e7\u00e3o\u201d, comentou o diretor de Diretor do Departamento de Conv\u00eanios e Parcerias da UGCC, Tales Calegari.<\/p>\n\n\n\n<p>Para o gesto da UGCC, Gustavo Maryssael de Campos, a participa\u00e7\u00e3o de representantes de Jundia\u00ed ressalta a import\u00e2ncia do tema para gest\u00f5es eficientes.<\/p>\n\n\n\n<p>O evento, realizado entre 13 a 15 de junho, apresenta a import\u00e2ncia da Plataforma Transferegov.br como sistema estruturador, que trabalha de forma transparente, facilitando o processo de transfer\u00eancias e capta\u00e7\u00e3o de recursos aos munic\u00edpios.<\/p>\n\n\n\n<p><strong><em>Fonte \/ Imagem: Prefeitura de Jundia\u00ed<\/em><\/strong><\/p>\n","protected":false},"excerpt":{"rendered":"<p>Evento em Bras\u00edlia aconteceu entre 13 a 15 de junho<\/p>\n","protected":false},"author":30,"featured_media":110955,"comment_status":"closed","ping_status":"0","sticky":false,"template":"","format":"standard","meta":{"footnotes":""},"categories":[8356,1],"tags":[],"class_list":["post-110953","post","type-post","status-publish","format-standard","has-post-thumbnail","hentry","category-jundiai","category-noticias"],"_links":{"self":[{"href":"https:\/\/tvtecjundiai.com.br\/news\/wp-json\/wp\/v2\/posts\/110953","targetHints":{"allow":["GET"]}}],"collection":[{"href":"https:\/\/tvtecjundiai.com.br\/news\/wp-json\/wp\/v2\/posts"}],"about":[{"href":"https:\/\/tvtecjundiai.com.br\/news\/wp-json\/wp\/v2\/types\/post"}],"author":[{"embeddable":true,"href":"https:\/\/tvtecjundiai.com.br\/news\/wp-json\/wp\/v2\/users\/30"}],"replies":[{"embeddable":true,"href":"https:\/\/tvtecjundiai.com.br\/news\/wp-json\/wp\/v2\/comments?post=110953"}],"version-history":[{"count":1,"href":"https:\/\/tvtecjundiai.com.br\/news\/wp-json\/wp\/v2\/posts\/110953\/revisions"}],"predecessor-version":[{"id":110956,"href":"https:\/\/tvtecjundiai.com.br\/news\/wp-json\/wp\/v2\/posts\/110953\/revisions\/110956"}],"wp:featuredmedia":[{"embeddable":true,"href":"https:\/\/tvtecjundiai.com.br\/news\/wp-json\/wp\/v2\/media\/110955"}],"wp:attachment":[{"href":"https:\/\/tvtecjundiai.com.br\/news\/wp-json\/wp\/v2\/media?parent=110953"}],"wp:term":[{"taxonomy":"category","embeddable":true,"href":"https:\/\/tvtecjundiai.com.br\/news\/wp-json\/wp\/v2\/categories?post=110953"},{"taxonomy":"post_tag","embeddable":true,"href":"https:\/\/tvtecjundiai.com.br\/news\/wp-json\/wp\/v2\/tags?post=110953"}],"curies":[{"name":"wp","href":"https:\/\/api.w.org\/{rel}","templated":true}]}}