{"id":110968,"date":"2023-06-16T17:26:32","date_gmt":"2023-06-16T20:26:32","guid":{"rendered":"https:\/\/tvtecjundiai.com.br\/news\/?p=110968"},"modified":"2023-06-16T17:26:35","modified_gmt":"2023-06-16T20:26:35","slug":"jundiai-registra-nove-casos-suspeitos-para-a-febre-maculosa","status":"publish","type":"post","link":"https:\/\/tvtecjundiai.com.br\/news\/2023\/06\/16\/jundiai-registra-nove-casos-suspeitos-para-a-febre-maculosa\/","title":{"rendered":"Jundia\u00ed registra nove casos suspeitos para a febre maculosa"},"content":{"rendered":"\n<p>A Unidade de Gest\u00e3o de Promo\u00e7\u00e3o da Sa\u00fade (UGPS) informa que o Munic\u00edpio registra, nesta sexta-feira (16), nove notifica\u00e7\u00f5es de casos suspeitos para a febre maculosa. A cidade, at\u00e9 o momento, permanece sem interna\u00e7\u00f5es por conta da doen\u00e7a.<\/p>\n\n\n\n<p>Das notifica\u00e7\u00f5es registradas, duas s\u00e3o de pessoas que estiveram em evento em Campinas na \u00e1rea de prov\u00e1vel infec\u00e7\u00e3o.<\/p>\n\n\n\n<p>Reitera-se que, t\u00e3o logo sejam emitidos os resultados das amostras de sangue, havendo a confirma\u00e7\u00e3o dos casos, a Prefeitura de Jundia\u00ed far\u00e1 a publica\u00e7\u00e3o nos canais oficiais, mantendo o princ\u00edpio da transpar\u00eancia na divulga\u00e7\u00e3o das informa\u00e7\u00f5es.<\/p>\n\n\n\n<p>\u00c9 importante lembrar que a febre maculosa n\u00e3o \u00e9 transmitida de pessoa para pessoa, mas por meio da picada do carrapato-estrela, vetor de transmiss\u00e3o da bact\u00e9ria do g\u00eanero Rickettsia. O per\u00edodo de incuba\u00e7\u00e3o \u00e9 de 2 a 14 dias.<\/p>\n\n\n\n<p>Entre os sintomas da doen\u00e7a est\u00e3o: febre e dor no corpo, dor de cabe\u00e7a ou manchas avermelhadas pelo corpo. \u00c9 essencial considerar exposi\u00e7\u00f5es ocorridas nos \u00faltimos 15 dias antecedentes ao in\u00edcio de sintomas.<\/p>\n\n\n\n<p>Ao notar os sintomas, a orienta\u00e7\u00e3o \u00e9 que a pessoa procure atendimento m\u00e9dico imediatamente e informe ao m\u00e9dico que esteve em \u00e1reas verdes, independente de ter identificado carrapato ou picada no corpo.<\/p>\n\n\n\n<p><strong><em>Fonte \/ Imagem: Prefeitura de Jundia\u00ed<\/em><\/strong><\/p>\n","protected":false},"excerpt":{"rendered":"<p>A cidade, at\u00e9 o momento, permanece sem interna\u00e7\u00f5es por conta da doen\u00e7a.<\/p>\n","protected":false},"author":30,"featured_media":110969,"comment_status":"closed","ping_status":"0","sticky":false,"template":"","format":"standard","meta":{"footnotes":""},"categories":[8356,1,2839,8355],"tags":[],"class_list":["post-110968","post","type-post","status-publish","format-standard","has-post-thumbnail","hentry","category-jundiai","category-noticias","category-saude","category-saude-3"],"_links":{"self":[{"href":"https:\/\/tvtecjundiai.com.br\/news\/wp-json\/wp\/v2\/posts\/110968","targetHints":{"allow":["GET"]}}],"collection":[{"href":"https:\/\/tvtecjundiai.com.br\/news\/wp-json\/wp\/v2\/posts"}],"about":[{"href":"https:\/\/tvtecjundiai.com.br\/news\/wp-json\/wp\/v2\/types\/post"}],"author":[{"embeddable":true,"href":"https:\/\/tvtecjundiai.com.br\/news\/wp-json\/wp\/v2\/users\/30"}],"replies":[{"embeddable":true,"href":"https:\/\/tvtecjundiai.com.br\/news\/wp-json\/wp\/v2\/comments?post=110968"}],"version-history":[{"count":1,"href":"https:\/\/tvtecjundiai.com.br\/news\/wp-json\/wp\/v2\/posts\/110968\/revisions"}],"predecessor-version":[{"id":110970,"href":"https:\/\/tvtecjundiai.com.br\/news\/wp-json\/wp\/v2\/posts\/110968\/revisions\/110970"}],"wp:featuredmedia":[{"embeddable":true,"href":"https:\/\/tvtecjundiai.com.br\/news\/wp-json\/wp\/v2\/media\/110969"}],"wp:attachment":[{"href":"https:\/\/tvtecjundiai.com.br\/news\/wp-json\/wp\/v2\/media?parent=110968"}],"wp:term":[{"taxonomy":"category","embeddable":true,"href":"https:\/\/tvtecjundiai.com.br\/news\/wp-json\/wp\/v2\/categories?post=110968"},{"taxonomy":"post_tag","embeddable":true,"href":"https:\/\/tvtecjundiai.com.br\/news\/wp-json\/wp\/v2\/tags?post=110968"}],"curies":[{"name":"wp","href":"https:\/\/api.w.org\/{rel}","templated":true}]}}