{"id":110989,"date":"2023-06-18T15:22:43","date_gmt":"2023-06-18T18:22:43","guid":{"rendered":"https:\/\/tvtecjundiai.com.br\/news\/?p=110989"},"modified":"2023-06-19T09:25:25","modified_gmt":"2023-06-19T12:25:25","slug":"maior-entrega-de-onibus-em-20-anos-ira-renovar-frota-reforcar-e-ampliar-linhas","status":"publish","type":"post","link":"https:\/\/tvtecjundiai.com.br\/news\/2023\/06\/18\/maior-entrega-de-onibus-em-20-anos-ira-renovar-frota-reforcar-e-ampliar-linhas\/","title":{"rendered":"Maior entrega de \u00f4nibus em 20 anos ir\u00e1 renovar frota, refor\u00e7ar e ampliar linhas"},"content":{"rendered":"\n<p>Na manh\u00e3 deste domingo (18), Jundia\u00ed recebeu 68 novos \u00f4nibus, entregues pelo prefeito Luiz Fernando Machado. Os ve\u00edculos ir\u00e3o renovar a frota, al\u00e9m de refor\u00e7ar e ampliar as linhas, com cria\u00e7\u00e3o de tra\u00e7ados diretos, que reduzir\u00e3o o tempo de deslocamento. Foi a maior quantidade de ve\u00edculos entregues de uma \u00fanica vez nos \u00faltimos 20 anos. Todos ve\u00edculos contam com motores mais eficientes e menos poluentes \u2013 Euro 5 e Euro 6 -, al\u00e9m de equipados com ar-condicionado, c\u00e2meras de seguran\u00e7a, wi-fi e carregadores de celular.<\/p>\n\n\n\n<p>\u201cEssa entrega vai proporcionar mais qualidade, rapidez e seguran\u00e7a \u00e0s pessoas que utilizam todos os dias o transporte p\u00fablico da nossa cidade. Jundia\u00ed \u00e9 uma cidade que se destaca pelos investimentos. Ent\u00e3o, melhorar os servi\u00e7os e cuidar das pessoas s\u00e3o prioridades do nosso governo\u201d, afirmou o prefeito Luiz Fernando Machado.<\/p>\n\n\n<div class=\"wp-block-image\">\n<figure class=\"aligncenter size-large\"><img loading=\"lazy\" decoding=\"async\" width=\"1200\" height=\"801\" src=\"https:\/\/tvtecjundiai.com.br\/news\/wp-content\/uploads\/sites\/2\/2023\/06\/3-1-1280x854-1-1200x801.jpg\" alt=\"\" class=\"wp-image-110990\" srcset=\"https:\/\/tvtecjundiai.com.br\/news\/wp-content\/uploads\/sites\/2\/2023\/06\/3-1-1280x854-1-1200x801.jpg 1200w, https:\/\/tvtecjundiai.com.br\/news\/wp-content\/uploads\/sites\/2\/2023\/06\/3-1-1280x854-1-300x200.jpg 300w, https:\/\/tvtecjundiai.com.br\/news\/wp-content\/uploads\/sites\/2\/2023\/06\/3-1-1280x854-1-768x512.jpg 768w, https:\/\/tvtecjundiai.com.br\/news\/wp-content\/uploads\/sites\/2\/2023\/06\/3-1-1280x854-1.jpg 1280w\" sizes=\"auto, (max-width: 1200px) 100vw, 1200px\" \/><figcaption class=\"wp-element-caption\">Prefeito Luiz Fernando Machado e gestor de Governo e Finan\u00e7as, Jos\u00e9 Antonio Parimoschi<br><\/figcaption><\/figure>\n<\/div>\n\n\n<p>O investimento total foi de R$ 52 milh\u00f5es. Com os novos ve\u00edculos, a idade m\u00e9dia da frota passa a ser de 3,3 anos, impactando diretamente na sustentabilidade. A circula\u00e7\u00e3o dos novos carros come\u00e7a j\u00e1 nesta segunda-feira (19).<\/p>\n\n\n\n<p>\u201cCerca de 90 mil pessoas utilizam o transporte p\u00fablico de Jundia\u00ed todos os dias. S\u00e3o \u00f4nibus modernos e acess\u00edveis que v\u00e3o possibilitar \u00e0s pessoas com defici\u00eancia, por exemplo, mais conforto e seguran\u00e7a. A cidade avan\u00e7a com o conceito da boa presta\u00e7\u00e3o do servi\u00e7o p\u00fablico\u201d, disse o gestor de Governo e Finan\u00e7as, Jos\u00e9 Antonio Parimoschi.<\/p>\n\n\n\n<p>Al\u00e9m da renova\u00e7\u00e3o da frota e amplia\u00e7\u00e3o das linhas com esses 68 novos \u00f4nibus, tamb\u00e9m est\u00e3o sendo implantados 62 novos abrigos de paradas. Todos com assentos.<\/p>\n\n\n<div class=\"wp-block-image\">\n<figure class=\"aligncenter size-large\"><img loading=\"lazy\" decoding=\"async\" width=\"1200\" height=\"800\" src=\"https:\/\/tvtecjundiai.com.br\/news\/wp-content\/uploads\/sites\/2\/2023\/06\/2-2-1280x853-1-1200x800.jpg\" alt=\"\" class=\"wp-image-110991\" srcset=\"https:\/\/tvtecjundiai.com.br\/news\/wp-content\/uploads\/sites\/2\/2023\/06\/2-2-1280x853-1-1200x800.jpg 1200w, https:\/\/tvtecjundiai.com.br\/news\/wp-content\/uploads\/sites\/2\/2023\/06\/2-2-1280x853-1-300x200.jpg 300w, https:\/\/tvtecjundiai.com.br\/news\/wp-content\/uploads\/sites\/2\/2023\/06\/2-2-1280x853-1-768x512.jpg 768w, https:\/\/tvtecjundiai.com.br\/news\/wp-content\/uploads\/sites\/2\/2023\/06\/2-2-1280x853-1.jpg 1280w\" sizes=\"auto, (max-width: 1200px) 100vw, 1200px\" \/><figcaption class=\"wp-element-caption\">Maior entrega de \u00f4nibus em 20 anos ir\u00e1 renovar frota, refor\u00e7ar e ampliar linhas<br><\/figcaption><\/figure>\n<\/div>\n\n\n<p>\u201cEssa entrega materializa a busca pela excel\u00eancia no servi\u00e7o, respeito ao meio ambiente e preocupa\u00e7\u00e3o de entregar para a popula\u00e7\u00e3o um servi\u00e7o de boa qualidade\u201d, refor\u00e7ou o gestor de Mobilidade e Transportes, Aloysio Queiroz. 265 \u00f4nibus passar\u00e3o a integrar a frota que opera em 92 linhas municipais do Sistema Integrado de Transporte Urbano (SITU), atualmente.<\/p>\n\n\n\n<p>\u201cA nossa busca pela melhoria do sistema \u00e9 constante. Ent\u00e3o \u00e9 um fator de muito orgulho participar dessa que \u00e9 a maior entrega de \u00f4nibus da hist\u00f3ria\u201d, disse o propriet\u00e1rio da Auto \u00d4nibus Tr\u00eas Irm\u00e3os e Via\u00e7\u00e3o Jundiaiense, Ant\u00f4nio Russo Filho.<\/p>\n\n\n\n<p><strong>Homenagem<br><\/strong>Ryan Rodrigues Moreira da Silva, de 7 anos, morador do bairro Terra da Uva e estudante da EMEB Prof. F\u00e1bio Rodrigues Mendes, no bairro Engordadouro, \u00e9 f\u00e3 dos \u00f4nibus de Jundia\u00ed e quer ser motorista quando crescer. Na cerim\u00f4nia, o menino recebeu um uniforme e a miniatura de um \u00f4nibus do transporte coletivo de Jundia\u00ed de presente. \u201cGostei muito do presente e de ver esses \u00f4nibus\u201d, contou.<\/p>\n\n\n\n<p><\/p>\n\n\n<div class=\"wp-block-image\">\n<figure class=\"aligncenter size-full\"><img loading=\"lazy\" decoding=\"async\" width=\"947\" height=\"960\" src=\"https:\/\/tvtecjundiai.com.br\/news\/wp-content\/uploads\/sites\/2\/2023\/06\/1-4-947x960-1.jpg\" alt=\"\" class=\"wp-image-110992\" srcset=\"https:\/\/tvtecjundiai.com.br\/news\/wp-content\/uploads\/sites\/2\/2023\/06\/1-4-947x960-1.jpg 947w, https:\/\/tvtecjundiai.com.br\/news\/wp-content\/uploads\/sites\/2\/2023\/06\/1-4-947x960-1-300x304.jpg 300w, https:\/\/tvtecjundiai.com.br\/news\/wp-content\/uploads\/sites\/2\/2023\/06\/1-4-947x960-1-100x100.jpg 100w, https:\/\/tvtecjundiai.com.br\/news\/wp-content\/uploads\/sites\/2\/2023\/06\/1-4-947x960-1-768x779.jpg 768w\" sizes=\"auto, (max-width: 947px) 100vw, 947px\" \/><figcaption class=\"wp-element-caption\">Ryan recebeu homenagem do Prefeito e das equipes da Unidade de Mobilidade e Transportes<br><\/figcaption><\/figure>\n<\/div>\n\n\n<p><strong>Programa Mobilidade Total<br><\/strong>Lan\u00e7ado no Governo do prefeito Luiz Fernando Machado, em setembro de 2018, o Programa Mobilidade Total prev\u00ea v\u00e1rias a\u00e7\u00f5es para modernizar e qualificar a presta\u00e7\u00e3o do servi\u00e7o de transporte coletivo de Jundia\u00ed. Entre as medidas realizadas, desde o in\u00edcio do programa, est\u00e3o a instala\u00e7\u00e3o de GPS e c\u00e2meras de monitoramento nos \u00f4nibus (quatro em cada ve\u00edculo), implanta\u00e7\u00e3o de linhas diretas, resultando na redu\u00e7\u00e3o do tempo de trajeto, pagamento por meio digital (cart\u00f5es, PIX ou QR Code).<\/p>\n\n\n\n<p><strong><em>Fonte \/ Imagem: Prefeitura de Jundia\u00ed<\/em><\/strong><\/p>\n","protected":false},"excerpt":{"rendered":"<p>Os ve\u00edculos ir\u00e3o renovar a frota, al\u00e9m de refor\u00e7ar e ampliar as linhas, com cria\u00e7\u00e3o de tra\u00e7ados diretos, que reduzir\u00e3o o tempo de deslocamento<\/p>\n","protected":false},"author":24,"featured_media":110991,"comment_status":"closed","ping_status":"0","sticky":false,"template":"","format":"standard","meta":{"footnotes":""},"categories":[8356,1,3059],"tags":[],"class_list":["post-110989","post","type-post","status-publish","format-standard","has-post-thumbnail","hentry","category-jundiai","category-noticias","category-transportes"],"_links":{"self":[{"href":"https:\/\/tvtecjundiai.com.br\/news\/wp-json\/wp\/v2\/posts\/110989","targetHints":{"allow":["GET"]}}],"collection":[{"href":"https:\/\/tvtecjundiai.com.br\/news\/wp-json\/wp\/v2\/posts"}],"about":[{"href":"https:\/\/tvtecjundiai.com.br\/news\/wp-json\/wp\/v2\/types\/post"}],"author":[{"embeddable":true,"href":"https:\/\/tvtecjundiai.com.br\/news\/wp-json\/wp\/v2\/users\/24"}],"replies":[{"embeddable":true,"href":"https:\/\/tvtecjundiai.com.br\/news\/wp-json\/wp\/v2\/comments?post=110989"}],"version-history":[{"count":1,"href":"https:\/\/tvtecjundiai.com.br\/news\/wp-json\/wp\/v2\/posts\/110989\/revisions"}],"predecessor-version":[{"id":110993,"href":"https:\/\/tvtecjundiai.com.br\/news\/wp-json\/wp\/v2\/posts\/110989\/revisions\/110993"}],"wp:featuredmedia":[{"embeddable":true,"href":"https:\/\/tvtecjundiai.com.br\/news\/wp-json\/wp\/v2\/media\/110991"}],"wp:attachment":[{"href":"https:\/\/tvtecjundiai.com.br\/news\/wp-json\/wp\/v2\/media?parent=110989"}],"wp:term":[{"taxonomy":"category","embeddable":true,"href":"https:\/\/tvtecjundiai.com.br\/news\/wp-json\/wp\/v2\/categories?post=110989"},{"taxonomy":"post_tag","embeddable":true,"href":"https:\/\/tvtecjundiai.com.br\/news\/wp-json\/wp\/v2\/tags?post=110989"}],"curies":[{"name":"wp","href":"https:\/\/api.w.org\/{rel}","templated":true}]}}