{"id":110994,"date":"2023-06-18T15:50:03","date_gmt":"2023-06-18T18:50:03","guid":{"rendered":"https:\/\/tvtecjundiai.com.br\/news\/?p=110994"},"modified":"2023-06-21T14:50:09","modified_gmt":"2023-06-21T17:50:09","slug":"projeto-ruas-de-brincar-leva-diversao-para-o-almerinda-chaves","status":"publish","type":"post","link":"https:\/\/tvtecjundiai.com.br\/news\/2023\/06\/18\/projeto-ruas-de-brincar-leva-diversao-para-o-almerinda-chaves\/","title":{"rendered":"Projeto &#8216;Ruas de Brincar&#8217; leva divers\u00e3o para o Almerinda Chaves"},"content":{"rendered":"\n<p>Uma das iniciativas da Prefeitura de Jundia\u00ed pelo programa municipal Cidade das Crian\u00e7as, o \u201cRuas de Brincar\u201d teve mais um espa\u00e7o ativado neste domingo (18), a Rua Mariano Latorre, no Almerinda Chaves. O projeto \u00e9 um incentivo ao brincar livre, em ambiente aberto e que pode ser solicitado pelo pr\u00f3prio mun\u00edcipe, como foi o caso da Rubiane e da Angela.<\/p>\n\n\n\n<p>\u201cEra um sonho antigo da comunidade. N\u00f3s vimos esse projeto em outras ruas da cidade e pedimos para a nossa. N\u00f3s, como pais, queremos incentivar as brincadeiras de antigamente. E com esse projeto, as crian\u00e7as brincam em seguran\u00e7a e pertinho de casa\u201d, disse a moradora Rubiane Souza de Moraes.<\/p>\n\n\n\n<p>Por meio do fechamento das vias para que as crian\u00e7as e seus cuidadores as ocupem livres da presen\u00e7a de ve\u00edculos, o programa incentiva tamb\u00e9m o contato entre as gera\u00e7\u00f5es e o resgate de brincadeiras tradicionais. A iniciativa integra as a\u00e7\u00f5es da Prefeitura desde a ades\u00e3o de Jundia\u00ed \u00e0 Rede Latino Americana \u2013 Projeto Cidade das Crian\u00e7as, concebida pelo pedagogo italiano Francesco Tonucci. S\u00e3o de Tonucci os desenhos que ilustram o cavalete de fechamento das ruas para os carros durante os dias de a\u00e7\u00e3o, com a seguinte proposta de reflex\u00e3o \u201cPerdoem o transtorno. Estamos brincando por voc\u00eas\u201d.<\/p>\n\n\n<div class=\"wp-block-image\">\n<figure class=\"aligncenter size-large\"><img loading=\"lazy\" decoding=\"async\" width=\"1200\" height=\"783\" src=\"https:\/\/tvtecjundiai.com.br\/news\/wp-content\/uploads\/sites\/2\/2023\/06\/ruas-de-1200x783.jpg\" alt=\"\" class=\"wp-image-110997\" srcset=\"https:\/\/tvtecjundiai.com.br\/news\/wp-content\/uploads\/sites\/2\/2023\/06\/ruas-de-1200x783.jpg 1200w, https:\/\/tvtecjundiai.com.br\/news\/wp-content\/uploads\/sites\/2\/2023\/06\/ruas-de-300x196.jpg 300w, https:\/\/tvtecjundiai.com.br\/news\/wp-content\/uploads\/sites\/2\/2023\/06\/ruas-de-768x501.jpg 768w, https:\/\/tvtecjundiai.com.br\/news\/wp-content\/uploads\/sites\/2\/2023\/06\/ruas-de.jpg 1280w\" sizes=\"auto, (max-width: 1200px) 100vw, 1200px\" \/><figcaption class=\"wp-element-caption\">Rubiane e \u00c2ngela solicitaram o projeto \u201cRuas de Brincar\u201d no Almerinda Chaves<br><\/figcaption><\/figure>\n<\/div>\n\n\n<p>\u201cO bairro tem muitas crian\u00e7as, ent\u00e3o esse espa\u00e7o de brincadeiras \u00e9 muito gostoso e saud\u00e1vel\u201d, lembrou a moradora \u00c2ngela Gabriela Pedroso Vieira. Quem gostou mais ainda foi a pequena Giovanna Pedroso Vieira, de 6 anos. \u201cEu gosto muito de girar bambol\u00ea e brincar de amarelinha\u201d, disse.<\/p>\n\n\n\n<p>\u201cEsse \u00e9 um projeto intersetorial, que envolve Cultura, Esportes e Mobilidade, e que pode ser solicitado pelos pr\u00f3prios moradores. Tendo o pedido atendido para o Ruas de Brincar, os solicitantes recebem a autoriza\u00e7\u00e3o para fechar a via, um kit b\u00e1sico do projeto e o incentivo para momentos de brincadeira e conviv\u00eancia\u201d, disse a Promotora do Comit\u00ea das Crian\u00e7as, Adriana Uemori.<\/p>\n\n\n\n<figure class=\"wp-block-gallery has-nested-images columns-default is-cropped wp-block-gallery-1 is-layout-flex wp-block-gallery-is-layout-flex\">\n<figure class=\"wp-block-image size-large\"><img loading=\"lazy\" decoding=\"async\" width=\"1200\" height=\"815\" data-id=\"110999\" src=\"https:\/\/tvtecjundiai.com.br\/news\/wp-content\/uploads\/sites\/2\/2023\/06\/ruas-de-brincar41-1280x869-1-1200x815.jpg\" alt=\"\" class=\"wp-image-110999\" srcset=\"https:\/\/tvtecjundiai.com.br\/news\/wp-content\/uploads\/sites\/2\/2023\/06\/ruas-de-brincar41-1280x869-1-1200x815.jpg 1200w, https:\/\/tvtecjundiai.com.br\/news\/wp-content\/uploads\/sites\/2\/2023\/06\/ruas-de-brincar41-1280x869-1-300x204.jpg 300w, https:\/\/tvtecjundiai.com.br\/news\/wp-content\/uploads\/sites\/2\/2023\/06\/ruas-de-brincar41-1280x869-1-768x521.jpg 768w, https:\/\/tvtecjundiai.com.br\/news\/wp-content\/uploads\/sites\/2\/2023\/06\/ruas-de-brincar41-1280x869-1.jpg 1280w\" sizes=\"auto, (max-width: 1200px) 100vw, 1200px\" \/><figcaption class=\"wp-element-caption\">Crian\u00e7as se divertiram com v\u00e1rias brincadeiras<\/figcaption><\/figure>\n\n\n\n<figure class=\"wp-block-image size-large\"><img loading=\"lazy\" decoding=\"async\" width=\"1200\" height=\"801\" data-id=\"110998\" src=\"https:\/\/tvtecjundiai.com.br\/news\/wp-content\/uploads\/sites\/2\/2023\/06\/ruas-de-brincar55-1280x854-1-1200x801.jpg\" alt=\"\" class=\"wp-image-110998\" srcset=\"https:\/\/tvtecjundiai.com.br\/news\/wp-content\/uploads\/sites\/2\/2023\/06\/ruas-de-brincar55-1280x854-1-1200x801.jpg 1200w, https:\/\/tvtecjundiai.com.br\/news\/wp-content\/uploads\/sites\/2\/2023\/06\/ruas-de-brincar55-1280x854-1-300x200.jpg 300w, https:\/\/tvtecjundiai.com.br\/news\/wp-content\/uploads\/sites\/2\/2023\/06\/ruas-de-brincar55-1280x854-1-768x512.jpg 768w, https:\/\/tvtecjundiai.com.br\/news\/wp-content\/uploads\/sites\/2\/2023\/06\/ruas-de-brincar55-1280x854-1.jpg 1280w\" sizes=\"auto, (max-width: 1200px) 100vw, 1200px\" \/><figcaption class=\"wp-element-caption\">Futebol na rua foi uma das brincadeiras realizadas<\/figcaption><\/figure>\n<\/figure>\n\n\n\n<p>As Ruas de Brincar acontecem aos domingos e feriados, no per\u00edodo entre 9h e 17h, em vias que n\u00e3o possuam hospitais, n\u00e3o sejam comerciais, nem tenham passagem de linhas de \u00f4nibus.<\/p>\n\n\n\n<p>Os mun\u00edcipes interessados podem entrar com o pedido de autoriza\u00e7\u00e3o \u00e0 Prefeitura para o fechamento da rua. Para que a solicita\u00e7\u00e3o seja aceita, \u00e9 necess\u00e1rio que pelo menos 75% dos vizinhos estejam de acordo. Saiba mais detalhes&nbsp;<a rel=\"noreferrer noopener\" href=\"http:\/\/cultura.jundiai.sp.gov.br\/ruas-de-brincar\/\" target=\"_blank\">neste link<\/a>.<\/p>\n\n\n<div class=\"wp-block-image\">\n<figure class=\"aligncenter size-large\"><img loading=\"lazy\" decoding=\"async\" width=\"1200\" height=\"801\" src=\"https:\/\/tvtecjundiai.com.br\/news\/wp-content\/uploads\/sites\/2\/2023\/06\/ruas-de-brincar62-3-1280x854-1-1200x801.jpg\" alt=\"\" class=\"wp-image-111000\" srcset=\"https:\/\/tvtecjundiai.com.br\/news\/wp-content\/uploads\/sites\/2\/2023\/06\/ruas-de-brincar62-3-1280x854-1-1200x801.jpg 1200w, https:\/\/tvtecjundiai.com.br\/news\/wp-content\/uploads\/sites\/2\/2023\/06\/ruas-de-brincar62-3-1280x854-1-300x200.jpg 300w, https:\/\/tvtecjundiai.com.br\/news\/wp-content\/uploads\/sites\/2\/2023\/06\/ruas-de-brincar62-3-1280x854-1-768x512.jpg 768w, https:\/\/tvtecjundiai.com.br\/news\/wp-content\/uploads\/sites\/2\/2023\/06\/ruas-de-brincar62-3-1280x854-1.jpg 1280w\" sizes=\"auto, (max-width: 1200px) 100vw, 1200px\" \/><figcaption class=\"wp-element-caption\">O programa incentiva tamb\u00e9m o contato entre as gera\u00e7\u00f5es e o resgate de brincadeiras tradicionais<br><\/figcaption><\/figure>\n<\/div>\n\n\n<p><strong><em>Fonte \/ Imagem: Prefeitura de Jundia\u00ed<\/em><\/strong><\/p>\n","protected":false},"excerpt":{"rendered":"<p>Programa resgata as brincadeiras tradicionais <\/p>\n","protected":false},"author":24,"featured_media":110998,"comment_status":"closed","ping_status":"0","sticky":false,"template":"","format":"standard","meta":{"footnotes":""},"categories":[29,8356,8354,1],"tags":[],"class_list":["post-110994","post","type-post","status-publish","format-standard","has-post-thumbnail","hentry","category-destaque","category-jundiai","category-lazer","category-noticias"],"_links":{"self":[{"href":"https:\/\/tvtecjundiai.com.br\/news\/wp-json\/wp\/v2\/posts\/110994","targetHints":{"allow":["GET"]}}],"collection":[{"href":"https:\/\/tvtecjundiai.com.br\/news\/wp-json\/wp\/v2\/posts"}],"about":[{"href":"https:\/\/tvtecjundiai.com.br\/news\/wp-json\/wp\/v2\/types\/post"}],"author":[{"embeddable":true,"href":"https:\/\/tvtecjundiai.com.br\/news\/wp-json\/wp\/v2\/users\/24"}],"replies":[{"embeddable":true,"href":"https:\/\/tvtecjundiai.com.br\/news\/wp-json\/wp\/v2\/comments?post=110994"}],"version-history":[{"count":4,"href":"https:\/\/tvtecjundiai.com.br\/news\/wp-json\/wp\/v2\/posts\/110994\/revisions"}],"predecessor-version":[{"id":111190,"href":"https:\/\/tvtecjundiai.com.br\/news\/wp-json\/wp\/v2\/posts\/110994\/revisions\/111190"}],"wp:featuredmedia":[{"embeddable":true,"href":"https:\/\/tvtecjundiai.com.br\/news\/wp-json\/wp\/v2\/media\/110998"}],"wp:attachment":[{"href":"https:\/\/tvtecjundiai.com.br\/news\/wp-json\/wp\/v2\/media?parent=110994"}],"wp:term":[{"taxonomy":"category","embeddable":true,"href":"https:\/\/tvtecjundiai.com.br\/news\/wp-json\/wp\/v2\/categories?post=110994"},{"taxonomy":"post_tag","embeddable":true,"href":"https:\/\/tvtecjundiai.com.br\/news\/wp-json\/wp\/v2\/tags?post=110994"}],"curies":[{"name":"wp","href":"https:\/\/api.w.org\/{rel}","templated":true}]}}