{"id":111038,"date":"2023-06-19T16:50:12","date_gmt":"2023-06-19T19:50:12","guid":{"rendered":"https:\/\/tvtecjundiai.com.br\/news\/?p=111038"},"modified":"2023-06-19T16:50:13","modified_gmt":"2023-06-19T19:50:13","slug":"taekwondo-do-time-jundiai-conquista-sete-medalhas-em-sao-vicente","status":"publish","type":"post","link":"https:\/\/tvtecjundiai.com.br\/news\/2023\/06\/19\/taekwondo-do-time-jundiai-conquista-sete-medalhas-em-sao-vicente\/","title":{"rendered":"Taekwondo do Time Jundia\u00ed conquista sete medalhas em S\u00e3o Vicente"},"content":{"rendered":"\n<p>O Time Jundia\u00ed\/Espa\u00e7o \u201cA\u201d de taekwondo, presidido pelo gr\u00e3o mestre Salvador Rodrigues e os t\u00e9cnicos e atletas Jason Assis e Ricardo Perfeito, participou, no domingo (18), da 15\u00ba Litoral Open de S\u00e3o Vicente, evento com a chancela da Federa\u00e7\u00e3o Paulista de Taekwondo e pela Liga Nacional de Taekwondo, conquistando sete medalhas, sendo cinco de ouro e duas de prata.<\/p>\n\n\n\n<p>\u201cPelo n\u00edvel da competi\u00e7\u00e3o, o desempenho da equipe jundiaiense foi excelente. Para alguns atletas serviu inclusive de prepara\u00e7\u00e3o para os Jogos Regionais que ser\u00e3o disputados em julho em Boituva\u201d, comentou o gr\u00e3o mestre Salvador.<\/p>\n\n\n\n<p>Os campe\u00f5es foram: Ricardo Perfeito, Jason Assis, Gabriel Monteiro, Giovani Silva, e Henrique Salles. As medalhas de prata foram conquistadas por Matheus Castro e Arthur Martins.<\/p>\n\n\n<div class=\"wp-block-image\">\n<figure class=\"aligncenter size-large\"><img loading=\"lazy\" decoding=\"async\" width=\"1200\" height=\"900\" src=\"https:\/\/tvtecjundiai.com.br\/news\/wp-content\/uploads\/sites\/2\/2023\/06\/taekwondo-1200x900.jpg\" alt=\"\" class=\"wp-image-111039\" srcset=\"https:\/\/tvtecjundiai.com.br\/news\/wp-content\/uploads\/sites\/2\/2023\/06\/taekwondo-1200x900.jpg 1200w, https:\/\/tvtecjundiai.com.br\/news\/wp-content\/uploads\/sites\/2\/2023\/06\/taekwondo-300x225.jpg 300w, https:\/\/tvtecjundiai.com.br\/news\/wp-content\/uploads\/sites\/2\/2023\/06\/taekwondo-768x576.jpg 768w, https:\/\/tvtecjundiai.com.br\/news\/wp-content\/uploads\/sites\/2\/2023\/06\/taekwondo.jpg 1280w\" sizes=\"auto, (max-width: 1200px) 100vw, 1200px\" \/><figcaption class=\"wp-element-caption\">Equipe teve excelente desempenho, trazendo cinco medalhas de ouro e duas de prata<\/figcaption><\/figure>\n<\/div>\n\n\n<p><em><strong>Fonte \/ Imagem: Prefeitura de Jundia\u00ed<\/strong><\/em><\/p>\n","protected":false},"excerpt":{"rendered":"<p>Equipe teve excelente desempenho, trazendo cinco medalhas de ouro e duas de prata<\/p>\n","protected":false},"author":30,"featured_media":111039,"comment_status":"closed","ping_status":"0","sticky":false,"template":"","format":"standard","meta":{"footnotes":""},"categories":[2827,8356,1],"tags":[],"class_list":["post-111038","post","type-post","status-publish","format-standard","has-post-thumbnail","hentry","category-esportes-e-lazer","category-jundiai","category-noticias"],"_links":{"self":[{"href":"https:\/\/tvtecjundiai.com.br\/news\/wp-json\/wp\/v2\/posts\/111038","targetHints":{"allow":["GET"]}}],"collection":[{"href":"https:\/\/tvtecjundiai.com.br\/news\/wp-json\/wp\/v2\/posts"}],"about":[{"href":"https:\/\/tvtecjundiai.com.br\/news\/wp-json\/wp\/v2\/types\/post"}],"author":[{"embeddable":true,"href":"https:\/\/tvtecjundiai.com.br\/news\/wp-json\/wp\/v2\/users\/30"}],"replies":[{"embeddable":true,"href":"https:\/\/tvtecjundiai.com.br\/news\/wp-json\/wp\/v2\/comments?post=111038"}],"version-history":[{"count":1,"href":"https:\/\/tvtecjundiai.com.br\/news\/wp-json\/wp\/v2\/posts\/111038\/revisions"}],"predecessor-version":[{"id":111040,"href":"https:\/\/tvtecjundiai.com.br\/news\/wp-json\/wp\/v2\/posts\/111038\/revisions\/111040"}],"wp:featuredmedia":[{"embeddable":true,"href":"https:\/\/tvtecjundiai.com.br\/news\/wp-json\/wp\/v2\/media\/111039"}],"wp:attachment":[{"href":"https:\/\/tvtecjundiai.com.br\/news\/wp-json\/wp\/v2\/media?parent=111038"}],"wp:term":[{"taxonomy":"category","embeddable":true,"href":"https:\/\/tvtecjundiai.com.br\/news\/wp-json\/wp\/v2\/categories?post=111038"},{"taxonomy":"post_tag","embeddable":true,"href":"https:\/\/tvtecjundiai.com.br\/news\/wp-json\/wp\/v2\/tags?post=111038"}],"curies":[{"name":"wp","href":"https:\/\/api.w.org\/{rel}","templated":true}]}}