{"id":111044,"date":"2023-06-19T16:56:25","date_gmt":"2023-06-19T19:56:25","guid":{"rendered":"https:\/\/tvtecjundiai.com.br\/news\/?p=111044"},"modified":"2023-06-19T16:56:26","modified_gmt":"2023-06-19T19:56:26","slug":"volei-feminino-vence-no-sub-17-sub-19-busca-a-recuperacao-nesta-terca-em-osasco","status":"publish","type":"post","link":"https:\/\/tvtecjundiai.com.br\/news\/2023\/06\/19\/volei-feminino-vence-no-sub-17-sub-19-busca-a-recuperacao-nesta-terca-em-osasco\/","title":{"rendered":"V\u00f4lei feminino vence no sub-17; sub-19 busca a recupera\u00e7\u00e3o nesta ter\u00e7a em Osasco"},"content":{"rendered":"\n<p>O Time Jundia\u00ed de v\u00f4lei feminino, categoria sub-17, venceu a equipe de Diadema pelo Campeonato Estadual da Federa\u00e7\u00e3o Paulista por 3 sets 0 (parciais de 25\/1, 25\/19 e 25\/7 ), no \u00faltimo domingo (18), no CECE Antonio de Lima, no bairro Agapeama.<\/p>\n\n\n\n<p>Segundo o t\u00e9cnico Moacir Regra, o ponto alto do time foi o saque, obrigando o advers\u00e1rio a devolver bolas de gra\u00e7a, facilitando os contra-ataques.<\/p>\n\n\n\n<p>A equipe volta a jogar na sexta-feira (23), \u00e0s 18h, em S\u00e3o Bernardo do Campo, contra o time da casa.<\/p>\n\n\n<div class=\"wp-block-image\">\n<figure class=\"aligncenter size-full\"><img loading=\"lazy\" decoding=\"async\" width=\"1024\" height=\"768\" src=\"https:\/\/tvtecjundiai.com.br\/news\/wp-content\/uploads\/sites\/2\/2023\/06\/volei-19062023.jpg\" alt=\"\" class=\"wp-image-111045\" srcset=\"https:\/\/tvtecjundiai.com.br\/news\/wp-content\/uploads\/sites\/2\/2023\/06\/volei-19062023.jpg 1024w, https:\/\/tvtecjundiai.com.br\/news\/wp-content\/uploads\/sites\/2\/2023\/06\/volei-19062023-300x225.jpg 300w, https:\/\/tvtecjundiai.com.br\/news\/wp-content\/uploads\/sites\/2\/2023\/06\/volei-19062023-768x576.jpg 768w\" sizes=\"auto, (max-width: 1024px) 100vw, 1024px\" \/><figcaption class=\"wp-element-caption\">As meninas voltam para as quadras nesta semana<\/figcaption><\/figure>\n<\/div>\n\n\n<p>O Time Jundiai jogou com: Joana, Gabi, Giovanna, Bianca, Sinthia, Danielle e a l\u00edbero Fernanda Medeiros. O t\u00e9cnico Moacir Regra ainda contou com: Mylena, Melissa, Gabriela, Fernanda Dib, Bruna, Sabryna e a l\u00edbero Ana Carolina. O assistente t\u00e9cnico foi Ademir Zamboni e a prepara\u00e7\u00e3o f\u00edsica ficou por conta de Bruno Masuco. O time tem apoio da Cereser e Unidade de Gest\u00e3o de Esportes e Lazer.<\/p>\n\n\n\n<p><strong>Sub-19<\/strong><br>J\u00e1 o Time Jundia\u00ed sub-19 entrou em quadra no domingo, no gin\u00e1sio do Bol\u00e3o, pelo Campeonato Estadual da Federa\u00e7\u00e3o Paulista, contra o Realizar TDCS\/Fupe.<\/p>\n\n\n\n<p>Em um jogo muito veloz, com rallyes emocionantes, a equipe visitante levou a melhor por 3 sets a 0, mas com sets equilibrados: 25\/18, 25\/20 e 25\/18. \u201cNossa equipe chegou a estar a frente do marcador em alguns momentos, mas era um advers\u00e1rio com um ataque muito forte tamb\u00e9m\u201d, comentou o t\u00e9cnico Ademir Zamboni, que teve Moacir Regra como assistente.<\/p>\n\n\n<div class=\"wp-block-image\">\n<figure class=\"aligncenter size-full\"><img loading=\"lazy\" decoding=\"async\" width=\"1024\" height=\"576\" src=\"https:\/\/tvtecjundiai.com.br\/news\/wp-content\/uploads\/sites\/2\/2023\/06\/volei-3-1903-rec.jpg\" alt=\"\" class=\"wp-image-111046\" srcset=\"https:\/\/tvtecjundiai.com.br\/news\/wp-content\/uploads\/sites\/2\/2023\/06\/volei-3-1903-rec.jpg 1024w, https:\/\/tvtecjundiai.com.br\/news\/wp-content\/uploads\/sites\/2\/2023\/06\/volei-3-1903-rec-300x169.jpg 300w, https:\/\/tvtecjundiai.com.br\/news\/wp-content\/uploads\/sites\/2\/2023\/06\/volei-3-1903-rec-768x432.jpg 768w\" sizes=\"auto, (max-width: 1024px) 100vw, 1024px\" \/><figcaption class=\"wp-element-caption\">As partidas, em casa, foram disputadas. As meninas jogaram com garra<\/figcaption><\/figure>\n<\/div>\n\n\n<p>A equipe jogou com: Mirelly, Mayara, Giulia, Bruna, Anna, Mari e a l\u00edbero Brito . Entraram Isabella, Bianca, Kemilly, Luana e Giovanna.<\/p>\n\n\n\n<p>A equipe volta \u00e0 quadra nesta ter\u00e7a, \u00e0s 17h, contra o Bradesco, em Osasco.<\/p>\n\n\n\n<p><strong><em>Fonte \/ Imagem: Prefeitura de Jundia\u00ed<\/em><\/strong><\/p>\n","protected":false},"excerpt":{"rendered":"<p>As meninas voltam para as quadras nesta semana<\/p>\n","protected":false},"author":30,"featured_media":111046,"comment_status":"closed","ping_status":"0","sticky":false,"template":"","format":"standard","meta":{"footnotes":""},"categories":[2827,8356,1],"tags":[],"class_list":["post-111044","post","type-post","status-publish","format-standard","has-post-thumbnail","hentry","category-esportes-e-lazer","category-jundiai","category-noticias"],"_links":{"self":[{"href":"https:\/\/tvtecjundiai.com.br\/news\/wp-json\/wp\/v2\/posts\/111044","targetHints":{"allow":["GET"]}}],"collection":[{"href":"https:\/\/tvtecjundiai.com.br\/news\/wp-json\/wp\/v2\/posts"}],"about":[{"href":"https:\/\/tvtecjundiai.com.br\/news\/wp-json\/wp\/v2\/types\/post"}],"author":[{"embeddable":true,"href":"https:\/\/tvtecjundiai.com.br\/news\/wp-json\/wp\/v2\/users\/30"}],"replies":[{"embeddable":true,"href":"https:\/\/tvtecjundiai.com.br\/news\/wp-json\/wp\/v2\/comments?post=111044"}],"version-history":[{"count":1,"href":"https:\/\/tvtecjundiai.com.br\/news\/wp-json\/wp\/v2\/posts\/111044\/revisions"}],"predecessor-version":[{"id":111047,"href":"https:\/\/tvtecjundiai.com.br\/news\/wp-json\/wp\/v2\/posts\/111044\/revisions\/111047"}],"wp:featuredmedia":[{"embeddable":true,"href":"https:\/\/tvtecjundiai.com.br\/news\/wp-json\/wp\/v2\/media\/111046"}],"wp:attachment":[{"href":"https:\/\/tvtecjundiai.com.br\/news\/wp-json\/wp\/v2\/media?parent=111044"}],"wp:term":[{"taxonomy":"category","embeddable":true,"href":"https:\/\/tvtecjundiai.com.br\/news\/wp-json\/wp\/v2\/categories?post=111044"},{"taxonomy":"post_tag","embeddable":true,"href":"https:\/\/tvtecjundiai.com.br\/news\/wp-json\/wp\/v2\/tags?post=111044"}],"curies":[{"name":"wp","href":"https:\/\/api.w.org\/{rel}","templated":true}]}}