{"id":111048,"date":"2023-06-19T17:35:58","date_gmt":"2023-06-19T20:35:58","guid":{"rendered":"https:\/\/tvtecjundiai.com.br\/news\/?p=111048"},"modified":"2023-06-19T17:35:59","modified_gmt":"2023-06-19T20:35:59","slug":"reuniao-de-plataformas-foca-no-monitoramento-e-nas-entregas-para-os-proximos-meses","status":"publish","type":"post","link":"https:\/\/tvtecjundiai.com.br\/news\/2023\/06\/19\/reuniao-de-plataformas-foca-no-monitoramento-e-nas-entregas-para-os-proximos-meses\/","title":{"rendered":"Reuni\u00e3o de Plataformas foca no monitoramento e nas entregas para os pr\u00f3ximos meses"},"content":{"rendered":"\n<p>A reuni\u00e3o de monitoramento com as Plataformas (Unidades de Gest\u00e3o) foi realizada na manh\u00e3 desta segunda-feira (19), na Sala de Situa\u00e7\u00e3o da Prefeitura de Jundia\u00ed. Liderado pelo gestor de Governo e Finan\u00e7as, Jos\u00e9 Ant\u00f4nio Parimoschi, o encontro com gestores e diretores das pastas teve como objetivo principal o alinhamento dos projetos priorit\u00e1rios e o monitoramento do status de cada uma das obras com a programa\u00e7\u00e3o das entregas para a popula\u00e7\u00e3o.<\/p>\n\n\n\n<p>Para a Mobilidade, foi discutido o andamento da obra do Complexo Vi\u00e1rio Samuel Martins, que tem entrega prevista para o primeiro semestre de 2024. J\u00e1 as obras de prolongamento da Av. Ant\u00f4nio Frederico Ozanam est\u00e3o contratadas, em um conv\u00eanio com o Governo do Estado, e devem ser iniciadas em breve. Para a Cultura, foram discutidas as obras de melhoria, infraestrutura e adequa\u00e7\u00e3o no Espa\u00e7o Expressa e a reforma da Plataforma Tur\u00edstica, que est\u00e3o na fase final. No Planejamenro Urbano, foram apresentados detalhes sobre a requalifica\u00e7\u00e3o e revitaliza\u00e7\u00e3o de \u00e1reas do Jardim S\u00e3o Camilo, que tamb\u00e9m t\u00eam previs\u00e3o de in\u00edcio das obras em breve. Ainda na regi\u00e3o Leste da cidade, a duplica\u00e7\u00e3o da Av. Luiz Zorzetti est\u00e1 com projeto e desapropria\u00e7\u00f5es em andamento.<\/p>\n\n\n<div class=\"wp-block-image\">\n<figure class=\"aligncenter size-large is-resized\"><img loading=\"lazy\" decoding=\"async\" src=\"https:\/\/tvtecjundiai.com.br\/news\/wp-content\/uploads\/sites\/2\/2023\/06\/24a_reuniao_de_monitoramento_de_plataformas_pa-19-1280x854-1-1200x801.jpg\" alt=\"\" class=\"wp-image-111049\" width=\"840\" height=\"560\" srcset=\"https:\/\/tvtecjundiai.com.br\/news\/wp-content\/uploads\/sites\/2\/2023\/06\/24a_reuniao_de_monitoramento_de_plataformas_pa-19-1280x854-1-1200x801.jpg 1200w, https:\/\/tvtecjundiai.com.br\/news\/wp-content\/uploads\/sites\/2\/2023\/06\/24a_reuniao_de_monitoramento_de_plataformas_pa-19-1280x854-1-300x200.jpg 300w, https:\/\/tvtecjundiai.com.br\/news\/wp-content\/uploads\/sites\/2\/2023\/06\/24a_reuniao_de_monitoramento_de_plataformas_pa-19-1280x854-1-768x512.jpg 768w, https:\/\/tvtecjundiai.com.br\/news\/wp-content\/uploads\/sites\/2\/2023\/06\/24a_reuniao_de_monitoramento_de_plataformas_pa-19-1280x854-1.jpg 1280w\" sizes=\"auto, (max-width: 840px) 100vw, 840px\" \/><figcaption class=\"wp-element-caption\">Reuni\u00e3o de Plataformas foca no monitoramento e nas entregas para os pr\u00f3ximos meses<\/figcaption><\/figure>\n<\/div>\n\n\n<p>\u201cN\u00f3s estabelecemos metas para a execu\u00e7\u00e3o dos projetos e a oferta de um servi\u00e7o p\u00fablico cada vez melhor \u00e0 popula\u00e7\u00e3o. Para este segundo semestre, devemos seguir essa rota, ter o senso de prioridade bem estabelecido para fazer as entregas necess\u00e1rias e manter elevada a qualidade de vida das pessoas\u201d, afirmou o gestor de Governo e Finan\u00e7as, Jos\u00e9 Ant\u00f4nio Parimoschi.<\/p>\n\n\n\n<p>A reuni\u00e3o de monitoramento \u00e9 uma pr\u00e1tica tradicional da gest\u00e3o Luiz Fernando Machado, institu\u00edda no ano de 2017, para dar maior efici\u00eancia \u00e0 m\u00e1quina p\u00fablica e no uso dos impostos arrecadados.<\/p>\n\n\n\n<p><strong>Transpar\u00eancia<br><\/strong>Para aqueles que querem conhecer a lista de projetos priorit\u00e1rios e acompanhar as obras que est\u00e3o em andamento, basta acessar o\u00a0<a rel=\"noreferrer noopener\" href=\"https:\/\/observatorio.jundiai.sp.gov.br\/\" target=\"_blank\">Observat\u00f3rio Jundia\u00ed<\/a>.<\/p>\n\n\n\n<p><em><strong>Fonte \/ Imagem: Prefeitura de Jundia\u00ed<\/strong><\/em><\/p>\n","protected":false},"excerpt":{"rendered":"<p>Reuni\u00e3o de Plataformas foca no monitoramento e nas entregas para os pr\u00f3ximos meses<\/p>\n","protected":false},"author":30,"featured_media":111049,"comment_status":"closed","ping_status":"0","sticky":false,"template":"","format":"standard","meta":{"footnotes":""},"categories":[8356,1],"tags":[],"class_list":["post-111048","post","type-post","status-publish","format-standard","has-post-thumbnail","hentry","category-jundiai","category-noticias"],"_links":{"self":[{"href":"https:\/\/tvtecjundiai.com.br\/news\/wp-json\/wp\/v2\/posts\/111048","targetHints":{"allow":["GET"]}}],"collection":[{"href":"https:\/\/tvtecjundiai.com.br\/news\/wp-json\/wp\/v2\/posts"}],"about":[{"href":"https:\/\/tvtecjundiai.com.br\/news\/wp-json\/wp\/v2\/types\/post"}],"author":[{"embeddable":true,"href":"https:\/\/tvtecjundiai.com.br\/news\/wp-json\/wp\/v2\/users\/30"}],"replies":[{"embeddable":true,"href":"https:\/\/tvtecjundiai.com.br\/news\/wp-json\/wp\/v2\/comments?post=111048"}],"version-history":[{"count":1,"href":"https:\/\/tvtecjundiai.com.br\/news\/wp-json\/wp\/v2\/posts\/111048\/revisions"}],"predecessor-version":[{"id":111050,"href":"https:\/\/tvtecjundiai.com.br\/news\/wp-json\/wp\/v2\/posts\/111048\/revisions\/111050"}],"wp:featuredmedia":[{"embeddable":true,"href":"https:\/\/tvtecjundiai.com.br\/news\/wp-json\/wp\/v2\/media\/111049"}],"wp:attachment":[{"href":"https:\/\/tvtecjundiai.com.br\/news\/wp-json\/wp\/v2\/media?parent=111048"}],"wp:term":[{"taxonomy":"category","embeddable":true,"href":"https:\/\/tvtecjundiai.com.br\/news\/wp-json\/wp\/v2\/categories?post=111048"},{"taxonomy":"post_tag","embeddable":true,"href":"https:\/\/tvtecjundiai.com.br\/news\/wp-json\/wp\/v2\/tags?post=111048"}],"curies":[{"name":"wp","href":"https:\/\/api.w.org\/{rel}","templated":true}]}}