{"id":111073,"date":"2023-06-20T11:47:20","date_gmt":"2023-06-20T14:47:20","guid":{"rendered":"https:\/\/tvtecjundiai.com.br\/news\/?p=111073"},"modified":"2023-06-20T11:47:21","modified_gmt":"2023-06-20T14:47:21","slug":"clube-do-vinil-e-a-novidade-na-biblioteca-nelson-foot-neste-sabado-24","status":"publish","type":"post","link":"https:\/\/tvtecjundiai.com.br\/news\/2023\/06\/20\/clube-do-vinil-e-a-novidade-na-biblioteca-nelson-foot-neste-sabado-24\/","title":{"rendered":"Clube do Vinil \u00e9 a novidade na Biblioteca Nelson Foot neste s\u00e1bado (24)"},"content":{"rendered":"\n<p>Dentro da proposta da Unidade de Gest\u00e3o de Cultura (UGC), de tornar o espa\u00e7o da Biblioteca P\u00fablica Municipal Prof. Nelson Foot (BNF), um local para abrigar todas as manifesta\u00e7\u00f5es art\u00edsticas e culturais, ser\u00e1 lan\u00e7ado neste s\u00e1bado (24), \u00e0s 15 horas, no audit\u00f3rio, com entrada gratuita, o \u201cClube do Vinil\u201d.<\/p>\n\n\n\n<p>O Clube do Vinil da BNF \u00e9 um espa\u00e7o aberto dedicado aos entusiastas da m\u00fasica e da literatura que apreciam a experi\u00eancia anal\u00f3gica de ouvir discos de vinil, onde os convidados podem se reunir, compartilhar e desfrutar de sua paix\u00e3o pela m\u00fasica em um ambiente acolhedor e inclusivo, onde os membros podem trocar conhecimentos, recomenda\u00e7\u00f5es musicais, formar amizades e ter a oportunidade de aprender mais sobre m\u00fasica, poesias, artistas e a hist\u00f3ria por tr\u00e1s dos \u00e1lbuns.<\/p>\n\n\n<div class=\"wp-block-image\">\n<figure class=\"aligncenter size-large is-resized\"><img loading=\"lazy\" decoding=\"async\" src=\"https:\/\/tvtecjundiai.com.br\/news\/wp-content\/uploads\/sites\/2\/2023\/06\/foto-renata-iacovino-3-639x960.jpeg\" alt=\"\" class=\"wp-image-111074\" width=\"529\" height=\"795\" srcset=\"https:\/\/tvtecjundiai.com.br\/news\/wp-content\/uploads\/sites\/2\/2023\/06\/foto-renata-iacovino-3-639x960.jpeg 639w, https:\/\/tvtecjundiai.com.br\/news\/wp-content\/uploads\/sites\/2\/2023\/06\/foto-renata-iacovino-3-300x450.jpeg 300w, https:\/\/tvtecjundiai.com.br\/news\/wp-content\/uploads\/sites\/2\/2023\/06\/foto-renata-iacovino-3.jpeg 682w\" sizes=\"auto, (max-width: 529px) 100vw, 529px\" \/><\/figure>\n<\/div>\n\n\n<p>Na edi\u00e7\u00e3o de junho, a musicista convidada \u00e9 a artista Renata Iacovino e a apresenta\u00e7\u00e3o contar\u00e1 com a media\u00e7\u00e3o do escritor e editor, M\u00e1rcio Martelli. O Clube do Vinil ir\u00e1 homenagear Rita Lee, compositora e multi-instrumentista brasileira, considerada uma das maiores e mais influentes artistas da m\u00fasica popular brasileira.<\/p>\n\n\n\n<p>Nascida em S\u00e3o Paulo em 1947, Rita Lee iniciou sua carreira na d\u00e9cada de 1960 como integrante da banda Os Mutantes, um dos grupos mais importantes e inovadores do movimento tropicalista.<\/p>\n\n\n\n<p>Entre seus maiores sucessos est\u00e3o can\u00e7\u00f5es como \u201cOvelha Negra\u201d, \u201cMania de Voc\u00ea\u201d, \u201cLan\u00e7a Perfume\u201d, \u201cDesculpe o Au\u00ea\u201d, \u201cBanho de Espuma\u201d e muitas outras. Ela tamb\u00e9m \u00e9 conhecida por suas parcerias com outros artistas renomados, como Roberto de Carvalho, seu marido e parceiro musical de longa data.<\/p>\n\n\n\n<p>De acordo com os organizadores do Clube do Vinil, o p\u00fablico poder\u00e1 neste primeiro encontro trazer o vinil de Rita Lee que tiverem em suas cole\u00e7\u00f5es para compartilhar os sucessos com os demais participantes.<\/p>\n\n\n<div class=\"wp-block-image\">\n<figure class=\"aligncenter size-large is-resized\"><img loading=\"lazy\" decoding=\"async\" src=\"https:\/\/tvtecjundiai.com.br\/news\/wp-content\/uploads\/sites\/2\/2023\/06\/clube-do-vinil-1-540x960.jpg\" alt=\"\" class=\"wp-image-111076\" width=\"384\" height=\"682\" srcset=\"https:\/\/tvtecjundiai.com.br\/news\/wp-content\/uploads\/sites\/2\/2023\/06\/clube-do-vinil-1-540x960.jpg 540w, https:\/\/tvtecjundiai.com.br\/news\/wp-content\/uploads\/sites\/2\/2023\/06\/clube-do-vinil-1-281x500.jpg 281w, https:\/\/tvtecjundiai.com.br\/news\/wp-content\/uploads\/sites\/2\/2023\/06\/clube-do-vinil-1-768x1365.jpg 768w, https:\/\/tvtecjundiai.com.br\/news\/wp-content\/uploads\/sites\/2\/2023\/06\/clube-do-vinil-1-864x1536.jpg 864w, https:\/\/tvtecjundiai.com.br\/news\/wp-content\/uploads\/sites\/2\/2023\/06\/clube-do-vinil-1.jpg 900w\" sizes=\"auto, (max-width: 384px) 100vw, 384px\" \/><\/figure>\n<\/div>\n\n\n<p>A Biblioteca Nelson Foot, est\u00e1 localizada no Complexo Argos, na avenida dr. Cavalcanti, 396 \u2013 Vila Arens. O hor\u00e1rio de funcionamento durante a semana (segunda a sexta-feira) \u00e9 das 9h \u00e0s 21h. Aos s\u00e1bados e feriados das 10h \u00e0s 17h.<\/p>\n\n\n\n<p><strong><em>Fonte \/ Imagem: Prefeitura de Jundia\u00ed<\/em><\/strong><\/p>\n","protected":false},"excerpt":{"rendered":"<p>O Clube do Vinil da BNF \u00e9 um espa\u00e7o aberto dedicado aos entusiastas da m\u00fasica e da literatura<\/p>\n","protected":false},"author":30,"featured_media":111074,"comment_status":"closed","ping_status":"0","sticky":false,"template":"","format":"standard","meta":{"footnotes":""},"categories":[2833,8356,1],"tags":[],"class_list":["post-111073","post","type-post","status-publish","format-standard","has-post-thumbnail","hentry","category-cultura","category-jundiai","category-noticias"],"_links":{"self":[{"href":"https:\/\/tvtecjundiai.com.br\/news\/wp-json\/wp\/v2\/posts\/111073","targetHints":{"allow":["GET"]}}],"collection":[{"href":"https:\/\/tvtecjundiai.com.br\/news\/wp-json\/wp\/v2\/posts"}],"about":[{"href":"https:\/\/tvtecjundiai.com.br\/news\/wp-json\/wp\/v2\/types\/post"}],"author":[{"embeddable":true,"href":"https:\/\/tvtecjundiai.com.br\/news\/wp-json\/wp\/v2\/users\/30"}],"replies":[{"embeddable":true,"href":"https:\/\/tvtecjundiai.com.br\/news\/wp-json\/wp\/v2\/comments?post=111073"}],"version-history":[{"count":1,"href":"https:\/\/tvtecjundiai.com.br\/news\/wp-json\/wp\/v2\/posts\/111073\/revisions"}],"predecessor-version":[{"id":111077,"href":"https:\/\/tvtecjundiai.com.br\/news\/wp-json\/wp\/v2\/posts\/111073\/revisions\/111077"}],"wp:featuredmedia":[{"embeddable":true,"href":"https:\/\/tvtecjundiai.com.br\/news\/wp-json\/wp\/v2\/media\/111074"}],"wp:attachment":[{"href":"https:\/\/tvtecjundiai.com.br\/news\/wp-json\/wp\/v2\/media?parent=111073"}],"wp:term":[{"taxonomy":"category","embeddable":true,"href":"https:\/\/tvtecjundiai.com.br\/news\/wp-json\/wp\/v2\/categories?post=111073"},{"taxonomy":"post_tag","embeddable":true,"href":"https:\/\/tvtecjundiai.com.br\/news\/wp-json\/wp\/v2\/tags?post=111073"}],"curies":[{"name":"wp","href":"https:\/\/api.w.org\/{rel}","templated":true}]}}