{"id":111109,"date":"2023-06-20T17:41:02","date_gmt":"2023-06-20T20:41:02","guid":{"rendered":"https:\/\/tvtecjundiai.com.br\/news\/?p=111109"},"modified":"2023-06-20T17:41:04","modified_gmt":"2023-06-20T20:41:04","slug":"servidores-participam-de-capacitacao-para-o-combate-a-violencia-contra-o-idoso","status":"publish","type":"post","link":"https:\/\/tvtecjundiai.com.br\/news\/2023\/06\/20\/servidores-participam-de-capacitacao-para-o-combate-a-violencia-contra-o-idoso\/","title":{"rendered":"Servidores participam de capacita\u00e7\u00e3o para o combate \u00e0 viol\u00eancia contra o idoso"},"content":{"rendered":"\n<p>A Assessoria de Pol\u00edticas P\u00fablicas para o Idoso promoveu, nesta segunda-feira (19), uma capacita\u00e7\u00e3o para mais de 100 servidores municipais sobre as principais viola\u00e7\u00f5es provocadas contra a pessoa idosa. Apesar de acontecerem durante todo o ano, as a\u00e7\u00f5es s\u00e3o intensificadas durante o m\u00eas de junho em alus\u00e3o \u00e0 Campanha Junho Violeta. O objetivo \u00e9 a conscientiza\u00e7\u00e3o ao combate \u00e0 viol\u00eancia praticada contra o idoso.<\/p>\n\n\n\n<p>A a\u00e7\u00e3o foi desenvolvida em parceria com as Unidades de Gest\u00e3o de Esporte e Lazer (UGEL), Assist\u00eancia e Desenvolvimento Social (UGADS), Promo\u00e7\u00e3o da Sa\u00fade (UGPS), Guarda Municipal e Procon. Os servidores tiveram acesso aos principais servi\u00e7os e pol\u00edticas intersetoriais de atendimento aos idosos, al\u00e9m de uma explica\u00e7\u00e3o sobre os direitos dos consumidores dessa faixa et\u00e1ria, golpes de consignado e viol\u00eancias patrimonial, f\u00edsica e psicol\u00f3gica.<\/p>\n\n\n<div class=\"wp-block-image\">\n<figure class=\"aligncenter size-large\"><img loading=\"lazy\" decoding=\"async\" width=\"1200\" height=\"801\" src=\"https:\/\/tvtecjundiai.com.br\/news\/wp-content\/uploads\/sites\/2\/2023\/06\/whatsapp-image-2023-06-19-at-20-41-40-1280x854-1-1200x801.jpg\" alt=\"\" class=\"wp-image-111110\" srcset=\"https:\/\/tvtecjundiai.com.br\/news\/wp-content\/uploads\/sites\/2\/2023\/06\/whatsapp-image-2023-06-19-at-20-41-40-1280x854-1-1200x801.jpg 1200w, https:\/\/tvtecjundiai.com.br\/news\/wp-content\/uploads\/sites\/2\/2023\/06\/whatsapp-image-2023-06-19-at-20-41-40-1280x854-1-300x200.jpg 300w, https:\/\/tvtecjundiai.com.br\/news\/wp-content\/uploads\/sites\/2\/2023\/06\/whatsapp-image-2023-06-19-at-20-41-40-1280x854-1-768x512.jpg 768w, https:\/\/tvtecjundiai.com.br\/news\/wp-content\/uploads\/sites\/2\/2023\/06\/whatsapp-image-2023-06-19-at-20-41-40-1280x854-1.jpg 1280w\" sizes=\"auto, (max-width: 1200px) 100vw, 1200px\" \/><figcaption class=\"wp-element-caption\">Capacita\u00e7\u00e3o com servidores foi uma das a\u00e7\u00f5es desenvolvidas para o Junho Violeta<\/figcaption><\/figure>\n<\/div>\n\n\n<p>\u201cO cuidado com a pessoa idosa \u00e9 um pedido especial do Prefeito Luiz Fernando Machado, na busca de elaborar pol\u00edticas p\u00fablicas que possam atender a todos\u201d, afirma o Gestor da Casa Civil, Dr. Gustavo Maryssael.<\/p>\n\n\n\n<p>\u201cSegundo estudos, at\u00e9 2030 o p\u00fablico de Jundia\u00ed ser\u00e1 majoritariamente idoso. Dessa forma \u00e9 fundamental desenvolver trabalhos e capacitar os servidores para garantir mais qualidade de vida a essas pessoas\u201d, ressalta a Assessora de Pol\u00edticas P\u00fablicas para o Idoso, Alessandra Citelli.<\/p>\n\n\n\n<p>A Gestora Adjunta da Casa Civil, Carmen Tubini, tamb\u00e9m compareceu \u00e0 capacita\u00e7\u00e3o. A programa\u00e7\u00e3o se estende at\u00e9 o final do m\u00eas de junho com atividades descentralizadas. A programa\u00e7\u00e3o completa pode ser acessada\u00a0<a rel=\"noreferrer noopener\" href=\"https:\/\/idoso.jundiai.sp.gov.br\/campanha-junho-violeta\/\" target=\"_blank\">pelo site<\/a>\u00a0e \u00e9 aberta \u00e0 popula\u00e7\u00e3o.<\/p>\n\n\n\n<p><strong><em>Fonte \/ Imagem: Prefeitura de Jundia\u00ed<\/em><\/strong><\/p>\n","protected":false},"excerpt":{"rendered":"<p>Capacita\u00e7\u00e3o com servidores foi uma das a\u00e7\u00f5es desenvolvidas para o Junho Violeta<\/p>\n","protected":false},"author":30,"featured_media":111110,"comment_status":"closed","ping_status":"0","sticky":false,"template":"","format":"standard","meta":{"footnotes":""},"categories":[8356,1],"tags":[],"class_list":["post-111109","post","type-post","status-publish","format-standard","has-post-thumbnail","hentry","category-jundiai","category-noticias"],"_links":{"self":[{"href":"https:\/\/tvtecjundiai.com.br\/news\/wp-json\/wp\/v2\/posts\/111109","targetHints":{"allow":["GET"]}}],"collection":[{"href":"https:\/\/tvtecjundiai.com.br\/news\/wp-json\/wp\/v2\/posts"}],"about":[{"href":"https:\/\/tvtecjundiai.com.br\/news\/wp-json\/wp\/v2\/types\/post"}],"author":[{"embeddable":true,"href":"https:\/\/tvtecjundiai.com.br\/news\/wp-json\/wp\/v2\/users\/30"}],"replies":[{"embeddable":true,"href":"https:\/\/tvtecjundiai.com.br\/news\/wp-json\/wp\/v2\/comments?post=111109"}],"version-history":[{"count":1,"href":"https:\/\/tvtecjundiai.com.br\/news\/wp-json\/wp\/v2\/posts\/111109\/revisions"}],"predecessor-version":[{"id":111111,"href":"https:\/\/tvtecjundiai.com.br\/news\/wp-json\/wp\/v2\/posts\/111109\/revisions\/111111"}],"wp:featuredmedia":[{"embeddable":true,"href":"https:\/\/tvtecjundiai.com.br\/news\/wp-json\/wp\/v2\/media\/111110"}],"wp:attachment":[{"href":"https:\/\/tvtecjundiai.com.br\/news\/wp-json\/wp\/v2\/media?parent=111109"}],"wp:term":[{"taxonomy":"category","embeddable":true,"href":"https:\/\/tvtecjundiai.com.br\/news\/wp-json\/wp\/v2\/categories?post=111109"},{"taxonomy":"post_tag","embeddable":true,"href":"https:\/\/tvtecjundiai.com.br\/news\/wp-json\/wp\/v2\/tags?post=111109"}],"curies":[{"name":"wp","href":"https:\/\/api.w.org\/{rel}","templated":true}]}}