{"id":11111,"date":"2018-05-25T14:37:15","date_gmt":"2018-05-25T17:37:15","guid":{"rendered":"https:\/\/tvtecjundiai.com.br\/news\/?p=11111"},"modified":"2018-05-25T14:37:15","modified_gmt":"2018-05-25T17:37:15","slug":"enredanca-chega-a-reta-final-com-programacao-gratuita","status":"publish","type":"post","link":"https:\/\/tvtecjundiai.com.br\/news\/2018\/05\/25\/enredanca-chega-a-reta-final-com-programacao-gratuita\/","title":{"rendered":"Enredan\u00e7a chega \u00e0 reta final com programa\u00e7\u00e3o gratuita"},"content":{"rendered":"<div id=\"attachment_11112\" style=\"width: 460px\" class=\"wp-caption alignright\"><a href=\"https:\/\/tvtecjundiai.com.br\/news\/wp-content\/uploads\/sites\/2\/2018\/05\/enredan\u00e7a.jpg\"><img loading=\"lazy\" decoding=\"async\" aria-describedby=\"caption-attachment-11112\" class=\"wp-image-11112\" src=\"https:\/\/tvtecjundiai.com.br\/news\/wp-content\/uploads\/sites\/2\/2018\/05\/enredan\u00e7a-300x200.jpg\" alt=\"\" width=\"450\" height=\"300\" srcset=\"https:\/\/tvtecjundiai.com.br\/news\/wp-content\/uploads\/sites\/2\/2018\/05\/enredan\u00e7a-300x200.jpg 300w, https:\/\/tvtecjundiai.com.br\/news\/wp-content\/uploads\/sites\/2\/2018\/05\/enredan\u00e7a-768x513.jpg 768w, https:\/\/tvtecjundiai.com.br\/news\/wp-content\/uploads\/sites\/2\/2018\/05\/enredan\u00e7a-1200x801.jpg 1200w, https:\/\/tvtecjundiai.com.br\/news\/wp-content\/uploads\/sites\/2\/2018\/05\/enredan\u00e7a.jpg 1323w\" sizes=\"auto, (max-width: 450px) 100vw, 450px\" \/><\/a><p id=\"caption-attachment-11112\" class=\"wp-caption-text\">Ap\u00f3s 11 anos sem realiza\u00e7\u00e3o, o Enredan\u00e7a voltou em 2017 e, neste ano, j\u00e1 registra aumento de participantes e coreografias inscritas<\/p><\/div>\n<p>A\u00a022\u00aa edi\u00e7\u00e3o do Enredan\u00e7a\u00a0chega \u00e0 sua reta final neste fim de semana, com programa\u00e7\u00e3o gratuita em diversos pontos da cidade.<\/p>\n<p>Pela Mostra Competitiva, o Teatro Polytheama recebe, sempre a partir das 19h30, as apresenta\u00e7\u00f5es das coreografias das categorias Contempor\u00e2neo nesta quinta-feira (24), de Ballet Cl\u00e1ssico na sexta-feira (25), de Estilo Livre no s\u00e1bado (26) e a Noite de Gala e Premia\u00e7\u00e3o no domingo (27).<\/p>\n<p>J\u00e1 pela Mostra Paralela, o Palco Centro montado na Pra\u00e7a Governador Pedro de Toledo (Pra\u00e7a da Matriz) tem as apresenta\u00e7\u00f5es de coreografias nesta sexta-feira (25), \u00e0s 11h e neste s\u00e1bado (26), a partir das 10h. Ainda no s\u00e1bado, a Escola Municipal Ivo de Bona, no Almerinda Chaves, recebe as coreografias \u00e0s 10h e o Complexo Fepasa \u00e0s 12h.<\/p>\n<p><strong>Feira Passos e Palcos<\/strong><br \/>\nNo Complexo Fepasa, est\u00e1 programada para o s\u00e1bado (26), das 10h \u00e0s 17h, a Feira Passos e Palcos, com aul\u00f5es gratuitos, oficinas e workshops.<\/p>\n<p>\u00c0s 10h, a programa\u00e7\u00e3o come\u00e7a com o Aul\u00e3o de Dan\u00e7as Urbanas, com o professor Henrique Bianchini, e segue com Show Musical Favela Sound System, \u00e0s 10h30; com Aula de Forr\u00f3, com Renato Paz, \u00e0s 13h; com o Show Musical da banda de forr\u00f3 Trio Serelepe, \u00e0s 13h30; com o Show Musical com a Banda Studio 54, \u00e0s 14h30.<\/p>\n<p>J\u00e1 para a\u00a0Oficina Broadway Jazz, com Thiago Jansen, \u00e0s 10h, e para o\u00a0Espet\u00e1culo de Dan\u00e7a \u201cCasa Vazia\u201d\u00a0(Parceria com a Secretaria Estadual de Cultura, atrav\u00e9s da lei de incentivo ProAC \u2013 SP) na Sala B1, \u00e0s 16h, \u00e9 necess\u00e1rio fazer inscri\u00e7\u00e3o online.<\/p>\n<p>Durante todo o dia, est\u00e3o confirmadas as participa\u00e7\u00f5es da sala de estar do SESC TV, dos permission\u00e1rios dos varej\u00f5es municipais e dos artistas do programa Jundia\u00ed feito \u00e0 M\u00e3o.<\/p>\n<p><em>Fonte: Cultura Jundia\u00ed<\/em><\/p>\n","protected":false},"excerpt":{"rendered":"<p>Diversos pontos da cidade v\u00e3o receber apresenta\u00e7\u00f5es<\/p>\n","protected":false},"author":10,"featured_media":11112,"comment_status":"closed","ping_status":"closed","sticky":false,"template":"","format":"standard","meta":{"footnotes":""},"categories":[2833],"tags":[716,5,15],"class_list":["post-11111","post","type-post","status-publish","format-standard","has-post-thumbnail","hentry","category-cultura","tag-enredanca","tag-jundiai","tag-tvtec"],"_links":{"self":[{"href":"https:\/\/tvtecjundiai.com.br\/news\/wp-json\/wp\/v2\/posts\/11111","targetHints":{"allow":["GET"]}}],"collection":[{"href":"https:\/\/tvtecjundiai.com.br\/news\/wp-json\/wp\/v2\/posts"}],"about":[{"href":"https:\/\/tvtecjundiai.com.br\/news\/wp-json\/wp\/v2\/types\/post"}],"author":[{"embeddable":true,"href":"https:\/\/tvtecjundiai.com.br\/news\/wp-json\/wp\/v2\/users\/10"}],"replies":[{"embeddable":true,"href":"https:\/\/tvtecjundiai.com.br\/news\/wp-json\/wp\/v2\/comments?post=11111"}],"version-history":[{"count":1,"href":"https:\/\/tvtecjundiai.com.br\/news\/wp-json\/wp\/v2\/posts\/11111\/revisions"}],"predecessor-version":[{"id":11113,"href":"https:\/\/tvtecjundiai.com.br\/news\/wp-json\/wp\/v2\/posts\/11111\/revisions\/11113"}],"wp:featuredmedia":[{"embeddable":true,"href":"https:\/\/tvtecjundiai.com.br\/news\/wp-json\/wp\/v2\/media\/11112"}],"wp:attachment":[{"href":"https:\/\/tvtecjundiai.com.br\/news\/wp-json\/wp\/v2\/media?parent=11111"}],"wp:term":[{"taxonomy":"category","embeddable":true,"href":"https:\/\/tvtecjundiai.com.br\/news\/wp-json\/wp\/v2\/categories?post=11111"},{"taxonomy":"post_tag","embeddable":true,"href":"https:\/\/tvtecjundiai.com.br\/news\/wp-json\/wp\/v2\/tags?post=11111"}],"curies":[{"name":"wp","href":"https:\/\/api.w.org\/{rel}","templated":true}]}}