{"id":111128,"date":"2023-06-21T09:19:03","date_gmt":"2023-06-21T12:19:03","guid":{"rendered":"https:\/\/tvtecjundiai.com.br\/news\/?p=111128"},"modified":"2023-06-21T09:19:03","modified_gmt":"2023-06-21T12:19:03","slug":"primeira-infancia-politicas-de-jundiai-sao-apresentadas-em-brasilia","status":"publish","type":"post","link":"https:\/\/tvtecjundiai.com.br\/news\/2023\/06\/21\/primeira-infancia-politicas-de-jundiai-sao-apresentadas-em-brasilia\/","title":{"rendered":"Primeira inf\u00e2ncia: pol\u00edticas de Jundia\u00ed s\u00e3o apresentadas em Bras\u00edlia"},"content":{"rendered":"\n<p>As pol\u00edticas intersetoriais desenvolvidas por Jundia\u00ed, que buscam o desenvolvimento integral da crian\u00e7a, por meio do programa Cidade das Crian\u00e7as, foram destacadas nesta ter\u00e7a-feira (20) no encontro \u201cPrimeira Inf\u00e2ncia Primeiro: Desafios e Oportunidades de Colabora\u00e7\u00e3o\u201d, em Bras\u00edlia, promovido pela Funda\u00e7\u00e3o Maria Cecilia Souto Vidigal (FMCSV) e pelo Programa das Na\u00e7\u00f5es Unidas para o Desenvolvimento (PNUD).<\/p>\n\n\n\n<p>Representando a cidade, a articuladora Regional do Comit\u00ea do Programa S\u00e3o Paulo pela Primeir\u00edssima Inf\u00e2ncia, Gerusa Moura, participou do painel tem\u00e1tico \u201cExperi\u00eancias Exitosas em Coopera\u00e7\u00e3o e Colabora\u00e7\u00e3o \u2013 Estados e Munic\u00edpios em a\u00e7\u00e3o\u201d, com o Ministro do Desenvolvimento e Assist\u00eancia Social, Fam\u00edlia e Combate \u00e0 Fome, Wellington Dias.<\/p>\n\n\n\n<p>Al\u00e9m de representantes do governo federal de \u00e1reas como desenvolvimento social, educa\u00e7\u00e3o, sa\u00fade, cultura e direitos humanos, a iniciativa ainda reuniu organiza\u00e7\u00f5es da sociedade civil para dialogar sobre a import\u00e2ncia de pol\u00edticas p\u00fablicas para a primeira inf\u00e2ncia e o papel primordial de articula\u00e7\u00e3o e prioriza\u00e7\u00e3o da Uni\u00e3o para garantia desses direitos.<\/p>\n\n\n<div class=\"wp-block-image\">\n<figure class=\"aligncenter size-large\"><img loading=\"lazy\" decoding=\"async\" width=\"1200\" height=\"801\" src=\"https:\/\/tvtecjundiai.com.br\/news\/wp-content\/uploads\/sites\/2\/2023\/06\/encontro-brasilia-3-1280x854-1-1200x801.jpg\" alt=\"\" class=\"wp-image-111129\" srcset=\"https:\/\/tvtecjundiai.com.br\/news\/wp-content\/uploads\/sites\/2\/2023\/06\/encontro-brasilia-3-1280x854-1-1200x801.jpg 1200w, https:\/\/tvtecjundiai.com.br\/news\/wp-content\/uploads\/sites\/2\/2023\/06\/encontro-brasilia-3-1280x854-1-300x200.jpg 300w, https:\/\/tvtecjundiai.com.br\/news\/wp-content\/uploads\/sites\/2\/2023\/06\/encontro-brasilia-3-1280x854-1-768x512.jpg 768w, https:\/\/tvtecjundiai.com.br\/news\/wp-content\/uploads\/sites\/2\/2023\/06\/encontro-brasilia-3-1280x854-1.jpg 1280w\" sizes=\"auto, (max-width: 1200px) 100vw, 1200px\" \/><figcaption class=\"wp-element-caption\">Gerusa elencou iniciativas exitosas desenvolvidas dentro do programa Cidade das Crian\u00e7as<\/figcaption><\/figure>\n<\/div>\n\n\n<p>\u201cDesde 2012, Jundia\u00ed prioriza a inf\u00e2ncia, entendendo que a oferta de cuidados para o desenvolvimento integral come\u00e7a na gesta\u00e7\u00e3o. \u00c9 importante compartilharmos as experi\u00eancias exitosas dos munic\u00edpios brasileiros em colocar a pol\u00edtica da primeira inf\u00e2ncia como potencilizadora do trabalho intersetorial e termos sido convidados coloca a cidade em destaque pelo trabalho na gest\u00e3o em pol\u00edticas integradas \u201c, ressalta Gerusa.<\/p>\n\n\n\n<p>Entre as iniciativas da elencadas, estiveram o Plano Municipal da Primeira Inf\u00e2ncia (PMPI), composto por 69 a\u00e7\u00f5es previstas para os anos 2022 a 2032, e a plataforma \u201cAlertas Primeira Inf\u00e2ncia\u201d, que aproveita os cadastros das Unidades de Gest\u00e3o de Promo\u00e7\u00e3o da Sa\u00fade, de Educa\u00e7\u00e3o e de Assist\u00eancia e Desenvolvimento Social, cruzando dados e emitindo alertas que permitir\u00e3o a tomada de decis\u00f5es que v\u00e3o refletir no bem-estar da crian\u00e7a e da gestante. Recentemente, pelo software, a cidade recebeu o Pr\u00eamio Inovacidade, promovido pela Smart City Business Brazil Congress (SCB-Br).<\/p>\n\n\n\n<p>O evento em Bras\u00edlia foi o \u00faltimo de uma s\u00e9rie de quatro encontros de sensibiliza\u00e7\u00e3o sobre o tema. Anteriormente, foram realizados encontros regionais em Recife (PE), S\u00e3o Paulo (SP) e Bel\u00e9m (PA).<\/p>\n\n\n\n<p><strong><em>Fonte \/ Imagem: Prefeitura de Jundia\u00ed<\/em><\/strong><\/p>\n","protected":false},"excerpt":{"rendered":"<p>Gerusa elencou iniciativas exitosas desenvolvidas dentro do programa Cidade das Crian\u00e7as<\/p>\n","protected":false},"author":30,"featured_media":111129,"comment_status":"closed","ping_status":"0","sticky":false,"template":"","format":"standard","meta":{"footnotes":""},"categories":[8356,1],"tags":[],"class_list":["post-111128","post","type-post","status-publish","format-standard","has-post-thumbnail","hentry","category-jundiai","category-noticias"],"_links":{"self":[{"href":"https:\/\/tvtecjundiai.com.br\/news\/wp-json\/wp\/v2\/posts\/111128","targetHints":{"allow":["GET"]}}],"collection":[{"href":"https:\/\/tvtecjundiai.com.br\/news\/wp-json\/wp\/v2\/posts"}],"about":[{"href":"https:\/\/tvtecjundiai.com.br\/news\/wp-json\/wp\/v2\/types\/post"}],"author":[{"embeddable":true,"href":"https:\/\/tvtecjundiai.com.br\/news\/wp-json\/wp\/v2\/users\/30"}],"replies":[{"embeddable":true,"href":"https:\/\/tvtecjundiai.com.br\/news\/wp-json\/wp\/v2\/comments?post=111128"}],"version-history":[{"count":1,"href":"https:\/\/tvtecjundiai.com.br\/news\/wp-json\/wp\/v2\/posts\/111128\/revisions"}],"predecessor-version":[{"id":111130,"href":"https:\/\/tvtecjundiai.com.br\/news\/wp-json\/wp\/v2\/posts\/111128\/revisions\/111130"}],"wp:featuredmedia":[{"embeddable":true,"href":"https:\/\/tvtecjundiai.com.br\/news\/wp-json\/wp\/v2\/media\/111129"}],"wp:attachment":[{"href":"https:\/\/tvtecjundiai.com.br\/news\/wp-json\/wp\/v2\/media?parent=111128"}],"wp:term":[{"taxonomy":"category","embeddable":true,"href":"https:\/\/tvtecjundiai.com.br\/news\/wp-json\/wp\/v2\/categories?post=111128"},{"taxonomy":"post_tag","embeddable":true,"href":"https:\/\/tvtecjundiai.com.br\/news\/wp-json\/wp\/v2\/tags?post=111128"}],"curies":[{"name":"wp","href":"https:\/\/api.w.org\/{rel}","templated":true}]}}