{"id":111131,"date":"2023-06-21T09:20:41","date_gmt":"2023-06-21T12:20:41","guid":{"rendered":"https:\/\/tvtecjundiai.com.br\/news\/?p=111131"},"modified":"2023-06-21T09:20:41","modified_gmt":"2023-06-21T12:20:41","slug":"espaco-expressa-reune-liderancas-do-turismo-do-estado-em-jundiai","status":"publish","type":"post","link":"https:\/\/tvtecjundiai.com.br\/news\/2023\/06\/21\/espaco-expressa-reune-liderancas-do-turismo-do-estado-em-jundiai\/","title":{"rendered":"Espa\u00e7o Expressa re\u00fane lideran\u00e7as do Turismo do Estado em Jundia\u00ed"},"content":{"rendered":"\n<p>Dois encontros realizados em Jundia\u00ed refor\u00e7aram o protagonismo do Turismo na cidade e em todo o estado de S\u00e3o Paulo. Nesta segunda-feira (19), no Espa\u00e7o Expressa, mais de 80 mulheres de 30 cidades se reuniram para a gera\u00e7\u00e3o de neg\u00f3cios, conex\u00f5es e encontros na 1\u00aa Rodada de Neg\u00f3cios do F\u00f3rum Mulheres do Turismo Paulista.<\/p>\n\n\n\n<p>O evento contou com as presen\u00e7as de importantes mulheres do turismo, como Luciane Leite, secret\u00e1ria-adjunta da Secretaria de Turismo e Viagens do Estado de S\u00e3o Paulo, e Ana Carla Moura, coordenadora de \u00e1reas estrat\u00e9gicas do Minist\u00e9rio do Turismo.<\/p>\n\n\n<div class=\"wp-block-image\">\n<figure class=\"aligncenter size-large\"><img loading=\"lazy\" decoding=\"async\" width=\"1200\" height=\"801\" src=\"https:\/\/tvtecjundiai.com.br\/news\/wp-content\/uploads\/sites\/2\/2023\/06\/encontro_de_mulheres_do_turismo_paulista_pa-41-1280x854-1-1200x801.jpg\" alt=\"\" class=\"wp-image-111132\" srcset=\"https:\/\/tvtecjundiai.com.br\/news\/wp-content\/uploads\/sites\/2\/2023\/06\/encontro_de_mulheres_do_turismo_paulista_pa-41-1280x854-1-1200x801.jpg 1200w, https:\/\/tvtecjundiai.com.br\/news\/wp-content\/uploads\/sites\/2\/2023\/06\/encontro_de_mulheres_do_turismo_paulista_pa-41-1280x854-1-300x200.jpg 300w, https:\/\/tvtecjundiai.com.br\/news\/wp-content\/uploads\/sites\/2\/2023\/06\/encontro_de_mulheres_do_turismo_paulista_pa-41-1280x854-1-768x512.jpg 768w, https:\/\/tvtecjundiai.com.br\/news\/wp-content\/uploads\/sites\/2\/2023\/06\/encontro_de_mulheres_do_turismo_paulista_pa-41-1280x854-1.jpg 1280w\" sizes=\"auto, (max-width: 1200px) 100vw, 1200px\" \/><figcaption class=\"wp-element-caption\">Encontro de Mulheres do Turismo Paulista reuniu lideran\u00e7as de cerca de 30 cidades<\/figcaption><\/figure>\n<\/div>\n\n\n<p>Durante o evento, a secret\u00e1ria-adjunta do Estado apresentou dados do Minist\u00e9rio do Trabalho que revelam a for\u00e7a feminina no turismo paulista. De acordo com os dados, s\u00e3o 31 mil mulheres em atividades relacionadas ao setor, mas apenas 5% est\u00e3o em cargos de lideran\u00e7a na Am\u00e9rica Latina, segundo a organiza\u00e7\u00e3o Woman in Leadership in Latin America. Em Jundia\u00ed, atualmente, a maior taxa de turistas que a cidade recebe \u00e9 do sexo feminino. Elas representam 66% do p\u00fablico, enquanto os homens representam 34%.<\/p>\n\n\n\n<p>\u201cFoi um encontro muito proveitoso em que pudemos dar andamento ao processo de aproxima\u00e7\u00e3o das mulheres do Turismo de nosso estado, que representam 54% do n\u00famero de empregos globais no setor. 60% dos empreendimentos tur\u00edsticos de Jundia\u00ed s\u00e3o geridos por mulheres. A presen\u00e7a de importantes mulheres do segmento refor\u00e7a a import\u00e2ncia do F\u00f3rum de Mulheres do Turismo Paulista\u201d, refor\u00e7ou a diretora de Turismo de Jundia\u00ed, Marcela Moro.<\/p>\n\n\n\n<p>O evento foi realizado por meio de uma parceria entre o F\u00f3rum de Mulheres, APRECESP, COMTUR Jundia\u00ed e Turismo Jundia\u00ed.<\/p>\n\n\n\n<p><strong>Encontro Paulista de Regionaliza\u00e7\u00e3o do Turismo<br><\/strong>J\u00e1 nesta ter\u00e7a (20), na Quinta dos Alves, no bairro Corrupira, foi realizado o Encontro Paulista de Regionaliza\u00e7\u00e3o do Turismo. Representantes de pelo menos 48 cidades e 24 regi\u00f5es tur\u00edsticas do estado de S\u00e3o Paulo se reuniram para trocar experi\u00eancias e discutir a moderniza\u00e7\u00e3o e protagonismo do setor.<\/p>\n\n\n\n<p>O objetivo foi discutir a regionaliza\u00e7\u00e3o do turismo no estado de S\u00e3o Paulo. \u201cA organiza\u00e7\u00e3o das inst\u00e2ncias de governan\u00e7a regionais \u00e9 crit\u00e9rio do Minist\u00e9rio do Turismo para que o munic\u00edpio fa\u00e7a parte do mapa do turismo brasileiro e, com isso, consiga recursos federais. Por isso \u00e9 t\u00e3o importante discutirmos o assunto\u201d, refor\u00e7a a diretora. S\u00e3o Paulo possui 47 regi\u00f5es tur\u00edsticas, 24 presentes em nosso evento e todas com o mesmo objetivo: preparar as regi\u00f5es para estarem no mapa do turismo brasileiro e se fortalecerem enquanto destinos tur\u00edsticos.<\/p>\n\n\n<div class=\"wp-block-image\">\n<figure class=\"aligncenter size-large\"><img loading=\"lazy\" decoding=\"async\" width=\"1200\" height=\"900\" src=\"https:\/\/tvtecjundiai.com.br\/news\/wp-content\/uploads\/sites\/2\/2023\/06\/0713bea0-6985-4045-bf1e-884b77185e7e-1-1280x960-1-1200x900.jpg\" alt=\"\" class=\"wp-image-111133\" srcset=\"https:\/\/tvtecjundiai.com.br\/news\/wp-content\/uploads\/sites\/2\/2023\/06\/0713bea0-6985-4045-bf1e-884b77185e7e-1-1280x960-1-1200x900.jpg 1200w, https:\/\/tvtecjundiai.com.br\/news\/wp-content\/uploads\/sites\/2\/2023\/06\/0713bea0-6985-4045-bf1e-884b77185e7e-1-1280x960-1-300x225.jpg 300w, https:\/\/tvtecjundiai.com.br\/news\/wp-content\/uploads\/sites\/2\/2023\/06\/0713bea0-6985-4045-bf1e-884b77185e7e-1-1280x960-1-768x576.jpg 768w, https:\/\/tvtecjundiai.com.br\/news\/wp-content\/uploads\/sites\/2\/2023\/06\/0713bea0-6985-4045-bf1e-884b77185e7e-1-1280x960-1.jpg 1280w\" sizes=\"auto, (max-width: 1200px) 100vw, 1200px\" \/><figcaption class=\"wp-element-caption\">Encontro Paulista de Regionaliza\u00e7\u00e3o do Turismo reuniu 48 cidades e 24 regi\u00f5es tur\u00edsticas do Estado<\/figcaption><\/figure>\n<\/div>\n\n\n<p>Ana Carla Moura, coordenadora de \u00e1reas estrat\u00e9gicas do Minist\u00e9rio do Turismo, e a turism\u00f3loga da Coordenadoria de Turismo (Cotur) da Secretaria de Turismo e Viagens, Elaine Papoy, respons\u00e1vel pelo Programa de Regionaliza\u00e7\u00e3o, al\u00e9m da diretora de Turismo de Jundia\u00ed, Marcela Moro, participaram do encontro, que foi organizado pela APRECESP (Associa\u00e7\u00e3o das Prefeituras de Est\u00e2ncias Tur\u00edsticas do Estado de S\u00e3o Paulo e do Circuito das Frutas.<\/p>\n\n\n\n<p><strong><em>Fonte \/ Imagem: Prefeitura de Jundia\u00ed<\/em><\/strong><\/p>\n","protected":false},"excerpt":{"rendered":"<p>Encontro Paulista de Regionaliza\u00e7\u00e3o do Turismo reuniu 48 cidades e 24 regi\u00f5es tur\u00edsticas do Estado<\/p>\n","protected":false},"author":30,"featured_media":111132,"comment_status":"closed","ping_status":"0","sticky":false,"template":"","format":"standard","meta":{"footnotes":""},"categories":[8356,1],"tags":[],"class_list":["post-111131","post","type-post","status-publish","format-standard","has-post-thumbnail","hentry","category-jundiai","category-noticias"],"_links":{"self":[{"href":"https:\/\/tvtecjundiai.com.br\/news\/wp-json\/wp\/v2\/posts\/111131","targetHints":{"allow":["GET"]}}],"collection":[{"href":"https:\/\/tvtecjundiai.com.br\/news\/wp-json\/wp\/v2\/posts"}],"about":[{"href":"https:\/\/tvtecjundiai.com.br\/news\/wp-json\/wp\/v2\/types\/post"}],"author":[{"embeddable":true,"href":"https:\/\/tvtecjundiai.com.br\/news\/wp-json\/wp\/v2\/users\/30"}],"replies":[{"embeddable":true,"href":"https:\/\/tvtecjundiai.com.br\/news\/wp-json\/wp\/v2\/comments?post=111131"}],"version-history":[{"count":1,"href":"https:\/\/tvtecjundiai.com.br\/news\/wp-json\/wp\/v2\/posts\/111131\/revisions"}],"predecessor-version":[{"id":111134,"href":"https:\/\/tvtecjundiai.com.br\/news\/wp-json\/wp\/v2\/posts\/111131\/revisions\/111134"}],"wp:featuredmedia":[{"embeddable":true,"href":"https:\/\/tvtecjundiai.com.br\/news\/wp-json\/wp\/v2\/media\/111132"}],"wp:attachment":[{"href":"https:\/\/tvtecjundiai.com.br\/news\/wp-json\/wp\/v2\/media?parent=111131"}],"wp:term":[{"taxonomy":"category","embeddable":true,"href":"https:\/\/tvtecjundiai.com.br\/news\/wp-json\/wp\/v2\/categories?post=111131"},{"taxonomy":"post_tag","embeddable":true,"href":"https:\/\/tvtecjundiai.com.br\/news\/wp-json\/wp\/v2\/tags?post=111131"}],"curies":[{"name":"wp","href":"https:\/\/api.w.org\/{rel}","templated":true}]}}