{"id":111135,"date":"2023-06-21T10:04:55","date_gmt":"2023-06-21T13:04:55","guid":{"rendered":"https:\/\/tvtecjundiai.com.br\/news\/?p=111135"},"modified":"2023-06-21T10:09:21","modified_gmt":"2023-06-21T13:09:21","slug":"inverno-comeca-em-jundiai-menos-rigoroso-influenciado-pelo-fenomeno-el-nino","status":"publish","type":"post","link":"https:\/\/tvtecjundiai.com.br\/news\/2023\/06\/21\/inverno-comeca-em-jundiai-menos-rigoroso-influenciado-pelo-fenomeno-el-nino\/","title":{"rendered":"Inverno come\u00e7a em Jundia\u00ed menos rigoroso, influenciado pelo fen\u00f4meno El Ni\u00f1o"},"content":{"rendered":"\n<p>O inverno come\u00e7a oficialmente \u00e0s 11h58 desta quarta-feira (21) e vai at\u00e9 o dia 23 de setembro. Em Jundia\u00ed e em todo pa\u00eds, a esta\u00e7\u00e3o deve registrar temperaturas mais amenas gra\u00e7as ao El Ni\u00f1o, fen\u00f4meno meteorol\u00f3gico que aquece o Oceano Pac\u00edfico na regi\u00e3o da Linha do Equador. <\/p>\n\n\n\n<p>O El Ni\u00f1o contribui para o aumento das temperaturas, provoca mudan\u00e7as na circula\u00e7\u00e3o dos ventos e nas chuvas em todo Brasil. Por conta do fen\u00f4meno, o inverno deve ser menos rigoroso e mais chuvoso nas regi\u00f5es Sudeste e Sul.<\/p>\n\n\n<div class=\"wp-block-image\">\n<figure class=\"aligncenter size-large is-resized\"><img decoding=\"async\" src=\"https:\/\/tvtecjundiai.com.br\/news\/wp-content\/uploads\/sites\/2\/2023\/06\/WhatsApp-Image-2023-06-21-at-09.36.45-edited.jpeg\" alt=\"\" class=\"wp-image-111139\" width=\"619\" srcset=\"https:\/\/tvtecjundiai.com.br\/news\/wp-content\/uploads\/sites\/2\/2023\/06\/WhatsApp-Image-2023-06-21-at-09.36.45-edited.jpeg 1280w, https:\/\/tvtecjundiai.com.br\/news\/wp-content\/uploads\/sites\/2\/2023\/06\/WhatsApp-Image-2023-06-21-at-09.36.45-edited-300x200.jpeg 300w, https:\/\/tvtecjundiai.com.br\/news\/wp-content\/uploads\/sites\/2\/2023\/06\/WhatsApp-Image-2023-06-21-at-09.36.45-edited-1200x800.jpeg 1200w, https:\/\/tvtecjundiai.com.br\/news\/wp-content\/uploads\/sites\/2\/2023\/06\/WhatsApp-Image-2023-06-21-at-09.36.45-edited-768x512.jpeg 768w\" sizes=\"(max-width: 1280px) 100vw, 1280px\" \/><\/figure>\n<\/div>\n\n\n<p><\/p>\n\n\n\n<p>Nesta quarta-feira (21), os term\u00f4metros devem ficar entre 11\u00b0C e 23\u00b0C em Jundia\u00ed, de acordo com o Climatempo. O dia deve ser de sol, sem pancadas de chuva.<\/p>\n\n\n\n<p>Na quinta-feira (22), a temperatura fica entre 11\u00b0C e 24\u00b0C, com sol e sem pancadas de chuva,<\/p>\n\n\n\n<p>Na sexta-feira (23), os term\u00f4metros devem continuar entre 11\u00b0C e 24\u00b0C, com sol e sem pancadas de chuva.<\/p>\n\n\n\n<p><em>*Com informa\u00e7\u00f5es da Ag\u00eancia Brasil<\/em><\/p>\n\n\n\n<p><em><strong>(Fonte: TVTEC Jundia\u00ed\/Imagem: Juliano Justino)<\/strong><\/em><\/p>\n","protected":false},"excerpt":{"rendered":"<p>Os term\u00f4metros devem ficar entre 11\u00b0C e 24\u00b0C at\u00e9 sexta-feira (21)<\/p>\n","protected":false},"author":30,"featured_media":111139,"comment_status":"closed","ping_status":"0","sticky":false,"template":"","format":"standard","meta":{"footnotes":""},"categories":[3185,8356,1],"tags":[],"class_list":["post-111135","post","type-post","status-publish","format-standard","has-post-thumbnail","hentry","category-clima","category-jundiai","category-noticias"],"_links":{"self":[{"href":"https:\/\/tvtecjundiai.com.br\/news\/wp-json\/wp\/v2\/posts\/111135","targetHints":{"allow":["GET"]}}],"collection":[{"href":"https:\/\/tvtecjundiai.com.br\/news\/wp-json\/wp\/v2\/posts"}],"about":[{"href":"https:\/\/tvtecjundiai.com.br\/news\/wp-json\/wp\/v2\/types\/post"}],"author":[{"embeddable":true,"href":"https:\/\/tvtecjundiai.com.br\/news\/wp-json\/wp\/v2\/users\/30"}],"replies":[{"embeddable":true,"href":"https:\/\/tvtecjundiai.com.br\/news\/wp-json\/wp\/v2\/comments?post=111135"}],"version-history":[{"count":2,"href":"https:\/\/tvtecjundiai.com.br\/news\/wp-json\/wp\/v2\/posts\/111135\/revisions"}],"predecessor-version":[{"id":111141,"href":"https:\/\/tvtecjundiai.com.br\/news\/wp-json\/wp\/v2\/posts\/111135\/revisions\/111141"}],"wp:featuredmedia":[{"embeddable":true,"href":"https:\/\/tvtecjundiai.com.br\/news\/wp-json\/wp\/v2\/media\/111139"}],"wp:attachment":[{"href":"https:\/\/tvtecjundiai.com.br\/news\/wp-json\/wp\/v2\/media?parent=111135"}],"wp:term":[{"taxonomy":"category","embeddable":true,"href":"https:\/\/tvtecjundiai.com.br\/news\/wp-json\/wp\/v2\/categories?post=111135"},{"taxonomy":"post_tag","embeddable":true,"href":"https:\/\/tvtecjundiai.com.br\/news\/wp-json\/wp\/v2\/tags?post=111135"}],"curies":[{"name":"wp","href":"https:\/\/api.w.org\/{rel}","templated":true}]}}