{"id":111180,"date":"2023-06-21T14:59:13","date_gmt":"2023-06-21T17:59:13","guid":{"rendered":"https:\/\/tvtecjundiai.com.br\/news\/?p=111180"},"modified":"2023-06-21T14:59:13","modified_gmt":"2023-06-21T17:59:13","slug":"ambev-esta-com-vagas-de-emprego-abertas-em-jundiai-3","status":"publish","type":"post","link":"https:\/\/tvtecjundiai.com.br\/news\/2023\/06\/21\/ambev-esta-com-vagas-de-emprego-abertas-em-jundiai-3\/","title":{"rendered":"Ambev est\u00e1 com vagas de emprego abertas em Jundia\u00ed"},"content":{"rendered":"\n<p>A multinacional Ambev, que nasceu em 1999 da uni\u00e3o entre as centen\u00e1rias Cervejaria Brahma e Companhia Antarctica, est\u00e1 com vagas de emprego abertas em Jundia\u00ed. As oportunidade s\u00e3o para aprendiz G&amp;P, aprendiz de meio ambiente e representante de neg\u00f3cio. <\/p>\n\n\n\n<p>Para os interessados nas vagas de aprendiz, \u00e9 necess\u00e1rio estar matriculado em curso de aprendizagem. Para a vaga de representante de neg\u00f3cio, \u00e9 preciso ter disponibilidade para trabalho externo e CNH A ou AB definitiva.<\/p>\n\n\n\n<p>\u00c9 poss\u00edvel se inscrever pelo site\u00a0<a href=\"https:\/\/ambev.gupy.io\/\">https:\/\/ambev.gupy.io\/<\/a>, basta selecionar \u201cJundia\u00ed\u201d no campo \u201cLocais de trabalho\u201d.<\/p>\n\n\n<div class=\"wp-block-image\">\n<figure class=\"aligncenter size-full is-resized\"><img loading=\"lazy\" decoding=\"async\" src=\"https:\/\/tvtecjundiai.com.br\/news\/wp-content\/uploads\/sites\/2\/2022\/10\/emprego-ambev.jpg\" alt=\"\" class=\"wp-image-99759\" width=\"698\" height=\"390\" srcset=\"https:\/\/tvtecjundiai.com.br\/news\/wp-content\/uploads\/sites\/2\/2022\/10\/emprego-ambev.jpg 992w, https:\/\/tvtecjundiai.com.br\/news\/wp-content\/uploads\/sites\/2\/2022\/10\/emprego-ambev-300x168.jpg 300w, https:\/\/tvtecjundiai.com.br\/news\/wp-content\/uploads\/sites\/2\/2022\/10\/emprego-ambev-768x430.jpg 768w\" sizes=\"auto, (max-width: 698px) 100vw, 698px\" \/><\/figure>\n<\/div>\n\n\n<p><\/p>\n\n\n\n<p><strong><em>(Fonte: TVTEC Jundia\u00ed\/Imagem: Divulga\u00e7\u00e3o)<\/em><\/strong><\/p>\n","protected":false},"excerpt":{"rendered":"<p>Oportunidade s\u00e3o para aprendiz G&amp;P, aprendiz de meio ambiente e representante de neg\u00f3cio<\/p>\n","protected":false},"author":30,"featured_media":99759,"comment_status":"closed","ping_status":"0","sticky":false,"template":"","format":"standard","meta":{"footnotes":""},"categories":[5038,8363,8356,1],"tags":[],"class_list":["post-111180","post","type-post","status-publish","format-standard","has-post-thumbnail","hentry","category-emprego","category-emprego-2","category-jundiai","category-noticias"],"_links":{"self":[{"href":"https:\/\/tvtecjundiai.com.br\/news\/wp-json\/wp\/v2\/posts\/111180","targetHints":{"allow":["GET"]}}],"collection":[{"href":"https:\/\/tvtecjundiai.com.br\/news\/wp-json\/wp\/v2\/posts"}],"about":[{"href":"https:\/\/tvtecjundiai.com.br\/news\/wp-json\/wp\/v2\/types\/post"}],"author":[{"embeddable":true,"href":"https:\/\/tvtecjundiai.com.br\/news\/wp-json\/wp\/v2\/users\/30"}],"replies":[{"embeddable":true,"href":"https:\/\/tvtecjundiai.com.br\/news\/wp-json\/wp\/v2\/comments?post=111180"}],"version-history":[{"count":2,"href":"https:\/\/tvtecjundiai.com.br\/news\/wp-json\/wp\/v2\/posts\/111180\/revisions"}],"predecessor-version":[{"id":111195,"href":"https:\/\/tvtecjundiai.com.br\/news\/wp-json\/wp\/v2\/posts\/111180\/revisions\/111195"}],"wp:featuredmedia":[{"embeddable":true,"href":"https:\/\/tvtecjundiai.com.br\/news\/wp-json\/wp\/v2\/media\/99759"}],"wp:attachment":[{"href":"https:\/\/tvtecjundiai.com.br\/news\/wp-json\/wp\/v2\/media?parent=111180"}],"wp:term":[{"taxonomy":"category","embeddable":true,"href":"https:\/\/tvtecjundiai.com.br\/news\/wp-json\/wp\/v2\/categories?post=111180"},{"taxonomy":"post_tag","embeddable":true,"href":"https:\/\/tvtecjundiai.com.br\/news\/wp-json\/wp\/v2\/tags?post=111180"}],"curies":[{"name":"wp","href":"https:\/\/api.w.org\/{rel}","templated":true}]}}