{"id":111194,"date":"2023-06-26T10:26:08","date_gmt":"2023-06-26T13:26:08","guid":{"rendered":"https:\/\/tvtecjundiai.com.br\/news\/?p=111194"},"modified":"2023-07-09T09:45:14","modified_gmt":"2023-07-09T12:45:14","slug":"projeto-ferias-na-tvtec-comeca-dia-6-com-atividades-para-criancas","status":"publish","type":"post","link":"https:\/\/tvtecjundiai.com.br\/news\/2023\/06\/26\/projeto-ferias-na-tvtec-comeca-dia-6-com-atividades-para-criancas\/","title":{"rendered":"Projeto &#8216;F\u00e9rias na TVTEC&#8217; come\u00e7a dia 6 com atividades para crian\u00e7as"},"content":{"rendered":"\n<p>A Funda\u00e7\u00e3o Escola TVTEC Jundia\u00ed (FTVTEC) promove nos dias 6, 8, 13, 20 e 22 de julho, o projeto &#8216;F\u00e9rias na TVTEC&#8217; com atividades voltadas para crian\u00e7as de 10 a 14 anos. Ser\u00e3o disponibilizadas 60 vagas para os cursos de &#8216;Stop Motion &#8211; aprendendo a fazer anima\u00e7\u00f5es criativas&#8217;; &#8216;princ\u00edpios b\u00e1sicos da locu\u00e7\u00e3o&#8217;; &#8216;domine a edi\u00e7\u00e3o de v\u00eddeos no capcut&#8217;; &#8216;fotografia&#8217;; e &#8216;edi\u00e7\u00e3o de \u00e1udio para podcast&#8217;. <\/p>\n\n\n\n<p>Segundo a diretora do Departamento de Teleduca\u00e7\u00e3o da FTVTEC, Ana Paula Klinke, os cursos habituais oferecidos periodicamente na unidade s\u00e3o a partir dos 16 anos. Atualmente j\u00e1 s\u00e3o atendidos grupos agendados previamente com escolas, em que atendemos os menores de 16 anos, por\u00e9m h\u00e1 demandas da popula\u00e7\u00e3o. <\/p>\n\n\n\n<p>&#8220;A proposta do &#8216;F\u00e9rias na TVTEC&#8217; \u00e9 abrir demandas para o p\u00fablico em geral.  Os cursos escolhidos s\u00e3o os que mais atraem a aten\u00e7\u00e3o das crian\u00e7as. A vaga ser\u00e1 garantida aos primeiros que preencherem as inscri\u00e7\u00f5es. E como somos a Cidade das Crian\u00e7as, vamos traz\u00ea-las tamb\u00e9m pra c\u00e1.&#8221;<\/p>\n\n\n\n<figure class=\"wp-block-image size-large\"><img loading=\"lazy\" decoding=\"async\" width=\"1200\" height=\"800\" src=\"https:\/\/tvtecjundiai.com.br\/news\/wp-content\/uploads\/sites\/2\/2023\/06\/ferias3-1200x800.jpg\" alt=\"\" class=\"wp-image-111253\" srcset=\"https:\/\/tvtecjundiai.com.br\/news\/wp-content\/uploads\/sites\/2\/2023\/06\/ferias3-1200x800.jpg 1200w, https:\/\/tvtecjundiai.com.br\/news\/wp-content\/uploads\/sites\/2\/2023\/06\/ferias3-300x200.jpg 300w, https:\/\/tvtecjundiai.com.br\/news\/wp-content\/uploads\/sites\/2\/2023\/06\/ferias3-768x512.jpg 768w, https:\/\/tvtecjundiai.com.br\/news\/wp-content\/uploads\/sites\/2\/2023\/06\/ferias3.jpg 1280w\" sizes=\"auto, (max-width: 1200px) 100vw, 1200px\" \/><\/figure>\n\n\n\n<p><strong>Os cursos<\/strong><\/p>\n\n\n\n<p>Dia 6 (9h \u00e0s 12h): Stop Motion &#8211; Aprendendo a fazer anima\u00e7\u00f5es criativas : 10 a 12 anos<\/p>\n\n\n\n<p>Dia 8 (9h \u00e0s 12h): Princ\u00edpios b\u00e1sicos da locu\u00e7\u00e3o: 12 a 14 anos<\/p>\n\n\n\n<p>Dia 13 (9h as 12h): Domine a edi\u00e7\u00e3o de v\u00eddeos no Capcut: 12 a 14 anos<\/p>\n\n\n\n<p>Dia 20 (9h \u00e0s12h): Fotografia: 12 a 14 anos<\/p>\n\n\n\n<p>Dia 22 (9h \u00e0s12h): Edi\u00e7\u00e3o de \u00e1udio para Podcast: 12 a 14 anos<\/p>\n\n\n\n<p>Vale lembrar que as inscri\u00e7\u00f5es para os primeiros cursos ser\u00e3o abertas nesta quarta-feira (28). Mais informa\u00e7\u00f5es pelo instagram <a href=\"https:\/\/www.instagram.com\/escoladeinovacaojundiai\/\" data-type=\"URL\" data-id=\"https:\/\/www.instagram.com\/escoladeinovacaojundiai\/\">@escoladeinova\u00e7\u00e3ojundiai<\/a> ou <a href=\"https:\/\/www.instagram.com\/tvtecjundiai\/\" data-type=\"URL\" data-id=\"https:\/\/www.instagram.com\/tvtecjundiai\/\">@tvtecjundiai<\/a><\/p>\n\n\n\n<p><strong><em>Fonte: (FTVTEC Jundia\u00ed\/Imagens: TVTEC Jundia\u00ed e Divulga\u00e7\u00e3o)<\/em><\/strong><\/p>\n","protected":false},"excerpt":{"rendered":"<p>Ser\u00e3o disponibilizadas vagas para cinco  diferentes cursos <\/p>\n","protected":false},"author":30,"featured_media":111197,"comment_status":"closed","ping_status":"0","sticky":false,"template":"","format":"standard","meta":{"footnotes":""},"categories":[2834,29,2828,8356,1],"tags":[],"class_list":["post-111194","post","type-post","status-publish","format-standard","has-post-thumbnail","hentry","category-cidades","category-destaque","category-educacao","category-jundiai","category-noticias"],"_links":{"self":[{"href":"https:\/\/tvtecjundiai.com.br\/news\/wp-json\/wp\/v2\/posts\/111194","targetHints":{"allow":["GET"]}}],"collection":[{"href":"https:\/\/tvtecjundiai.com.br\/news\/wp-json\/wp\/v2\/posts"}],"about":[{"href":"https:\/\/tvtecjundiai.com.br\/news\/wp-json\/wp\/v2\/types\/post"}],"author":[{"embeddable":true,"href":"https:\/\/tvtecjundiai.com.br\/news\/wp-json\/wp\/v2\/users\/30"}],"replies":[{"embeddable":true,"href":"https:\/\/tvtecjundiai.com.br\/news\/wp-json\/wp\/v2\/comments?post=111194"}],"version-history":[{"count":17,"href":"https:\/\/tvtecjundiai.com.br\/news\/wp-json\/wp\/v2\/posts\/111194\/revisions"}],"predecessor-version":[{"id":112091,"href":"https:\/\/tvtecjundiai.com.br\/news\/wp-json\/wp\/v2\/posts\/111194\/revisions\/112091"}],"wp:featuredmedia":[{"embeddable":true,"href":"https:\/\/tvtecjundiai.com.br\/news\/wp-json\/wp\/v2\/media\/111197"}],"wp:attachment":[{"href":"https:\/\/tvtecjundiai.com.br\/news\/wp-json\/wp\/v2\/media?parent=111194"}],"wp:term":[{"taxonomy":"category","embeddable":true,"href":"https:\/\/tvtecjundiai.com.br\/news\/wp-json\/wp\/v2\/categories?post=111194"},{"taxonomy":"post_tag","embeddable":true,"href":"https:\/\/tvtecjundiai.com.br\/news\/wp-json\/wp\/v2\/tags?post=111194"}],"curies":[{"name":"wp","href":"https:\/\/api.w.org\/{rel}","templated":true}]}}