{"id":111224,"date":"2023-06-22T09:16:14","date_gmt":"2023-06-22T12:16:14","guid":{"rendered":"https:\/\/tvtecjundiai.com.br\/news\/?p=111224"},"modified":"2023-06-22T09:16:21","modified_gmt":"2023-06-22T12:16:21","slug":"jovens-tem-vagas-especificas-de-estagio-e-aprendiz-pelo-portal-jundiai-empreendedora","status":"publish","type":"post","link":"https:\/\/tvtecjundiai.com.br\/news\/2023\/06\/22\/jovens-tem-vagas-especificas-de-estagio-e-aprendiz-pelo-portal-jundiai-empreendedora\/","title":{"rendered":"Jovens t\u00eam vagas espec\u00edficas de est\u00e1gio e aprendiz pelo portal Jundia\u00ed Empreendedora"},"content":{"rendered":"\n<p>Os jovens de Jundia\u00ed que buscam oportunidades para o primeiro emprego ganharam um grande aliado, nesta quarta-feira (21). A Unidade de Gest\u00e3o de Desenvolvimento Econ\u00f4mico, Ci\u00eancia e Tecnologia (UGDECT), da Prefeitura de Jundia\u00ed, apresentou a nova vers\u00e3o do portal Jundia\u00ed Empreendedora. Chamada de \u201cfases de inova\u00e7\u00e3o 3 e 4\u201d, a inova\u00e7\u00e3o traz mais funcionalidades e novo layout \u00e0 ferramenta \u2013 incluindo a op\u00e7\u00e3o de busca por vagas de est\u00e1gio e de jovem aprendiz.<\/p>\n\n\n\n<p>Os gestores Jos\u00e9 Antonio Parimoschi (Governo e Finan\u00e7as) e Cristiano Lopes (UGDECT), al\u00e9m do diretor-presidente da Cijun (Companhia de Inform\u00e1tica de Jundia\u00ed), Amauri Marquezi, fizeram a apresenta\u00e7\u00e3o das novidades, no Pa\u00e7o Municipal, para representantes de institui\u00e7\u00f5es e entidades ligadas ao ensino p\u00fablico e privado do munic\u00edpio.<\/p>\n\n\n\n<figure class=\"wp-block-image\"><img decoding=\"async\" src=\"https:\/\/jundiai.sp.gov.br\/noticias\/wp-content\/uploads\/sites\/32\/2023\/06\/lancamento-de-nova-fase-do-portal-jundiai-empreendedora_fm_-23-1280x854.jpg\" alt=\"IMAGEM COLORIDA MOSTRA UM GRUPO DE PESSOAS REUNIDO NA PREFEITURA, PARA APRESENTA\u00c7\u00c3O DAS NOVAS FUNCIONALIDADES DO PORTAL JUNDIA\u00cd EMPREENDEDORA\" class=\"wp-image-320150\" \/><figcaption class=\"wp-element-caption\">Institui\u00e7\u00f5es e entidades ligadas \u00e0 educa\u00e7\u00e3o participaram da apresenta\u00e7\u00e3o do novo portal<\/figcaption><\/figure>\n\n\n\n<p>Focadas nos eixos \u201cempreendedorismo\u201d e \u201cgera\u00e7\u00e3o de emprego\u201d, as novas funcionalidades t\u00eam como miss\u00e3o facilitar tanto o acesso das empresas que buscam profissionais quanto das pessoas que desejam a oportunidade do emprego. Destaque, tamb\u00e9m, para os curr\u00edculos mais completos dos candidatos, vagas de emprego mais detalhadas e mais autonomia para os candidatos PCD (Pessoa Com Defici\u00eancia).<\/p>\n\n\n\n<p>De acordo com Jos\u00e9 Antonio Parimoschi, o principal objetivo do poder p\u00fablico deve ser o investimento nas pessoas. \u201cO portal Jundia\u00ed Empreendedora \u00e9 uma ferramenta din\u00e2mica e que deve sempre evoluir, principalmente com a ajuda das pessoas e institui\u00e7\u00f5es, como essas que estiveram aqui conosco. Usamos o recurso p\u00fablico de maneira inteligente, eficiente e assertiva, principalmente para gerar oportunidades como esta aos jovens\u201d.<\/p>\n\n\n\n<p>Segundo Cristiano Lopes, as mudan\u00e7as no item empregabilidade s\u00e3o fruto de uma s\u00e9rie de encontros com as empresas de Jundia\u00ed. \u201cO portal j\u00e1 \u00e9 um sucesso e realizamos reuni\u00f5es semanais com as empresas e os respectivos RHs para aprimorar a funcionalidade. Junto com o time da Cijun (Companhia de Inform\u00e1tica de Jundia\u00ed), inserimos filtros que v\u00e3o facilitar tanto para quem est\u00e1 procurando uma oportunidade de emprego, quanto para a empresa que procura m\u00e3o de obra\u201d.<\/p>\n\n\n\n<figure class=\"wp-block-image\"><img decoding=\"async\" src=\"https:\/\/jundiai.sp.gov.br\/noticias\/wp-content\/uploads\/sites\/32\/2023\/06\/lancamento-de-nova-fase-do-portal-jundiai-empreendedora_fm_-18-1280x854.jpg\" alt=\"FOTO COLORIDA MOSTRA OS GESTORES DA PREFEITURA, JOS\u00c9 ANTONIO PARIMOSCHI E CRISTIANO LOPES. PARIMOSCHI EST\u00c1 DE CAMISA BRANCA E PALET\u00d3 AZUL E CRISTIANO DE JAQUETA AZUL. AMBOS EST\u00c3O SENTADOS\" class=\"wp-image-320151\" \/><figcaption class=\"wp-element-caption\">Jos\u00e9 Antonio Parimoschi e Cristiano Lopes, gestores respons\u00e1veis por mostrar as novas funcionalidades<\/figcaption><\/figure>\n\n\n\n<p><strong>Incentivo<\/strong><\/p>\n\n\n\n<p>\u201c\u00c9 muito gratificante ver o portal sendo amplamente utilizado. Essa abertura, agora, \u00e9 um incentivo para que o jovem procure os empregos na ferramenta, que \u00e9 moderna e est\u00e1 em constante evolu\u00e7\u00e3o\u201d explicou Amauri Marquezi.<\/p>\n\n\n\n<p>Para Karina Maretti Strangueto, diretora-geral do Instituto Federal de Educa\u00e7\u00e3o, Ci\u00eancia e Tecnologia\/Campus Jundia\u00ed, essa conex\u00e3o entre jovens e as oportunidades de emprego \u00e9 fundamental. \u201cIsso amplia a possibilidade deles conseguirem o primeiro emprego de forma mais r\u00e1pida, das empresas saberem tamb\u00e9m dessa qualifica\u00e7\u00e3o que a gente faz, que essa forma\u00e7\u00e3o \u00e9 de qualidade para que quem contrata ter\u00e1 uma m\u00e3o de obra especializada\u201d.<\/p>\n\n\n\n<figure class=\"wp-block-image\"><img decoding=\"async\" src=\"https:\/\/jundiai.sp.gov.br\/noticias\/wp-content\/uploads\/sites\/32\/2023\/06\/lancamento-de-nova-fase-do-portal-jundiai-empreendedora_fm_-57-1280x854.jpg\" alt=\"IMAGEM COLORIDA MOSTRA EM PRIMEIRO PLANO UMA TELA DE COMPUTADOR, COM O PORTAL JUNDIA\u00cd EMPREENDEDORA. AO FUNDO \u00c9 POSS\u00cdVEL VER REPRESENTANTES DE INSTITUI\u00c7\u00d5ES DE ENSINO QUE PARTICIPARAM DA REUNI\u00c3O\" class=\"wp-image-320152\" \/><figcaption class=\"wp-element-caption\">Vagas para est\u00e1gio e Jovem Aprendiz est\u00e3o destacadas no portal, por meio de filtros de pesquisa<\/figcaption><\/figure>\n\n\n\n<p>O portal ainda conta com \u00e1reas para o com\u00e9rcio, empreendedorismo e internacionaliza\u00e7\u00e3o de Jundia\u00ed, com o Exporta + Jundia\u00ed e revista em cinco idiomas (portugu\u00eas, ingl\u00eas, espanhol, italiano e mandarim). Acesse o&nbsp;<a rel=\"noreferrer noopener\" href=\"https:\/\/negocios.jundiai.sp.gov.br\/\" target=\"_blank\">portal<\/a>&nbsp;para mais informa\u00e7\u00f5es.<\/p>\n\n\n\n<p>Participaram da reuni\u00e3o representantes da Fatec Deputado Ary Fossen, Faculdade Anhanguera, Instituto Federal, Indesc, Associa\u00e7\u00e3o de Educa\u00e7\u00e3o do Homem de Amanh\u00e3 (Guardinha), Senai, Senac, Etec Benedito Storani, Etec Vasco Ant\u00f4nio Venchiarutti, Diretoria Regional de Ensino e escolas estaduais Jos\u00e9 Feliciano de Oliveira, Antenor Soares Gandra e Adib Miguel Haddad.<\/p>\n\n\n\n<p><\/p>\n\n\n\n<p>Fonte \/ Imagem: Prefeitura de Jundia\u00ed <\/p>\n","protected":false},"excerpt":{"rendered":"<p>Vagas para est\u00e1gio e Jovem Aprendiz est\u00e3o destacadas no portal, por meio de filtros de pesquisa<\/p>\n","protected":false},"author":24,"featured_media":111225,"comment_status":"closed","ping_status":"0","sticky":false,"template":"","format":"standard","meta":{"footnotes":""},"categories":[8356],"tags":[],"class_list":["post-111224","post","type-post","status-publish","format-standard","has-post-thumbnail","hentry","category-jundiai"],"_links":{"self":[{"href":"https:\/\/tvtecjundiai.com.br\/news\/wp-json\/wp\/v2\/posts\/111224","targetHints":{"allow":["GET"]}}],"collection":[{"href":"https:\/\/tvtecjundiai.com.br\/news\/wp-json\/wp\/v2\/posts"}],"about":[{"href":"https:\/\/tvtecjundiai.com.br\/news\/wp-json\/wp\/v2\/types\/post"}],"author":[{"embeddable":true,"href":"https:\/\/tvtecjundiai.com.br\/news\/wp-json\/wp\/v2\/users\/24"}],"replies":[{"embeddable":true,"href":"https:\/\/tvtecjundiai.com.br\/news\/wp-json\/wp\/v2\/comments?post=111224"}],"version-history":[{"count":1,"href":"https:\/\/tvtecjundiai.com.br\/news\/wp-json\/wp\/v2\/posts\/111224\/revisions"}],"predecessor-version":[{"id":111226,"href":"https:\/\/tvtecjundiai.com.br\/news\/wp-json\/wp\/v2\/posts\/111224\/revisions\/111226"}],"wp:featuredmedia":[{"embeddable":true,"href":"https:\/\/tvtecjundiai.com.br\/news\/wp-json\/wp\/v2\/media\/111225"}],"wp:attachment":[{"href":"https:\/\/tvtecjundiai.com.br\/news\/wp-json\/wp\/v2\/media?parent=111224"}],"wp:term":[{"taxonomy":"category","embeddable":true,"href":"https:\/\/tvtecjundiai.com.br\/news\/wp-json\/wp\/v2\/categories?post=111224"},{"taxonomy":"post_tag","embeddable":true,"href":"https:\/\/tvtecjundiai.com.br\/news\/wp-json\/wp\/v2\/tags?post=111224"}],"curies":[{"name":"wp","href":"https:\/\/api.w.org\/{rel}","templated":true}]}}