{"id":111259,"date":"2023-06-22T14:06:36","date_gmt":"2023-06-22T17:06:36","guid":{"rendered":"https:\/\/tvtecjundiai.com.br\/news\/?p=111259"},"modified":"2023-06-22T14:06:53","modified_gmt":"2023-06-22T17:06:53","slug":"daniel-henrique-vence-a-leucemia-e-toca-sino-da-vitoria-no-grendacc","status":"publish","type":"post","link":"https:\/\/tvtecjundiai.com.br\/news\/2023\/06\/22\/daniel-henrique-vence-a-leucemia-e-toca-sino-da-vitoria-no-grendacc\/","title":{"rendered":"Daniel Henrique vence a leucemia e toca sino da vit\u00f3ria do Grendacc"},"content":{"rendered":"\n<p>Daniel Henrique Oliviera, de 10 anos, tocou nesta quinta-feira (22) o sino da vit\u00f3ria do Hospital da Crian\u00e7a do Grendacc, ap\u00f3s vencer uma Leucemia Linf\u00f3ide Aguda (tipo B). O menino iniciou o tratamento no Grendacc em setembro de 2020 e agora seguir\u00e1 em acompanhamento na institui\u00e7\u00e3o, passando por consultas e exames periodicamente.<\/p>\n\n\n\n<p>\u201cA gente esperou muito tempo para bater esse sino. Foi um caminho dif\u00edcil, mas muito bonito e n\u00f3s desejamos que Daniel e sua fam\u00edlia possam viver uma vida ainda mais cheia de amor e sa\u00fade\u201d, disse a oncologista pedi\u00e1trica Silvana Forsait, que o acompanhou durante todo o tratamento.<\/p>\n\n\n<div class=\"wp-block-image\">\n<figure class=\"aligncenter size-large is-resized\"><img loading=\"lazy\" decoding=\"async\" src=\"https:\/\/tvtecjundiai.com.br\/news\/wp-content\/uploads\/sites\/2\/2023\/06\/WhatsApp-Image-2023-06-22-at-13.31.40-1-edited.jpeg\" alt=\"\" class=\"wp-image-111261\" width=\"646\" height=\"431\" srcset=\"https:\/\/tvtecjundiai.com.br\/news\/wp-content\/uploads\/sites\/2\/2023\/06\/WhatsApp-Image-2023-06-22-at-13.31.40-1-edited.jpeg 1200w, https:\/\/tvtecjundiai.com.br\/news\/wp-content\/uploads\/sites\/2\/2023\/06\/WhatsApp-Image-2023-06-22-at-13.31.40-1-edited-300x200.jpeg 300w, https:\/\/tvtecjundiai.com.br\/news\/wp-content\/uploads\/sites\/2\/2023\/06\/WhatsApp-Image-2023-06-22-at-13.31.40-1-edited-768x512.jpeg 768w\" sizes=\"auto, (max-width: 646px) 100vw, 646px\" \/><\/figure>\n<\/div>\n\n\n<p><\/p>\n\n\n\n<p>A m\u00e3e, Amanda Camila dos Santos, estava muito feliz e emocionada ao lado do marido, Raimundo Jos\u00e9 de Oliveira, da m\u00e3e, da filha e do irm\u00e3o, que assistiu a comemora\u00e7\u00e3o por videochamada. \u201cNo Grendacc a gente foi muito bem acolhido, todos cuidaram n\u00e3o s\u00f3 do Dani, mas de todos n\u00f3s. As enfermeiras, m\u00e9dicas, psic\u00f3logas e a capelania evang\u00e9lica foram como um abra\u00e7o na alma. Estar\u00e3o sempre no meu cora\u00e7\u00e3o e em minhas ora\u00e7\u00f5es&#8221;, declarou.<\/p>\n\n\n\n<p>O Hospital da Crian\u00e7a do Grendacc (Grupo em Defesa da Crian\u00e7a com C\u00e2ncer) \u00e9 uma institui\u00e7\u00e3o filantr\u00f3pica sem fins lucrativos, fundada em 18 de julho de 1995, que presta atendimento humanizado e de qualidade nas mais diversas especialidades pedi\u00e1tricas, com \u00eanfase no tratamento de doen\u00e7as oncol\u00f3gicas e hematol\u00f3gicas.<\/p>\n\n\n\n<p><strong><em>(Fonte\/Imagem: Assessoria Grendacc Jundia\u00ed)<\/em><\/strong><\/p>\n","protected":false},"excerpt":{"rendered":"<p>Menino de 10 anos seguir\u00e1 em acompanhamento, passando por consultas e exames<\/p>\n","protected":false},"author":30,"featured_media":111261,"comment_status":"closed","ping_status":"0","sticky":false,"template":"","format":"standard","meta":{"footnotes":""},"categories":[8356,1],"tags":[],"class_list":["post-111259","post","type-post","status-publish","format-standard","has-post-thumbnail","hentry","category-jundiai","category-noticias"],"_links":{"self":[{"href":"https:\/\/tvtecjundiai.com.br\/news\/wp-json\/wp\/v2\/posts\/111259","targetHints":{"allow":["GET"]}}],"collection":[{"href":"https:\/\/tvtecjundiai.com.br\/news\/wp-json\/wp\/v2\/posts"}],"about":[{"href":"https:\/\/tvtecjundiai.com.br\/news\/wp-json\/wp\/v2\/types\/post"}],"author":[{"embeddable":true,"href":"https:\/\/tvtecjundiai.com.br\/news\/wp-json\/wp\/v2\/users\/30"}],"replies":[{"embeddable":true,"href":"https:\/\/tvtecjundiai.com.br\/news\/wp-json\/wp\/v2\/comments?post=111259"}],"version-history":[{"count":2,"href":"https:\/\/tvtecjundiai.com.br\/news\/wp-json\/wp\/v2\/posts\/111259\/revisions"}],"predecessor-version":[{"id":111263,"href":"https:\/\/tvtecjundiai.com.br\/news\/wp-json\/wp\/v2\/posts\/111259\/revisions\/111263"}],"wp:featuredmedia":[{"embeddable":true,"href":"https:\/\/tvtecjundiai.com.br\/news\/wp-json\/wp\/v2\/media\/111261"}],"wp:attachment":[{"href":"https:\/\/tvtecjundiai.com.br\/news\/wp-json\/wp\/v2\/media?parent=111259"}],"wp:term":[{"taxonomy":"category","embeddable":true,"href":"https:\/\/tvtecjundiai.com.br\/news\/wp-json\/wp\/v2\/categories?post=111259"},{"taxonomy":"post_tag","embeddable":true,"href":"https:\/\/tvtecjundiai.com.br\/news\/wp-json\/wp\/v2\/tags?post=111259"}],"curies":[{"name":"wp","href":"https:\/\/api.w.org\/{rel}","templated":true}]}}