{"id":111264,"date":"2023-06-22T14:47:50","date_gmt":"2023-06-22T17:47:50","guid":{"rendered":"https:\/\/tvtecjundiai.com.br\/news\/?p=111264"},"modified":"2023-06-22T14:47:51","modified_gmt":"2023-06-22T17:47:51","slug":"prefeitura-abre-concurso-publico-para-guardas-municipais","status":"publish","type":"post","link":"https:\/\/tvtecjundiai.com.br\/news\/2023\/06\/22\/prefeitura-abre-concurso-publico-para-guardas-municipais\/","title":{"rendered":"Prefeitura abre concurso p\u00fablico para guardas municipais"},"content":{"rendered":"\n<p>A Prefeitura de Jundia\u00ed publicou nesta quarta-feira (21) o edital de concurso p\u00fablico para o cargo de guarda municipal. O&nbsp;<a href=\"https:\/\/imprensaoficial.jundiai.sp.gov.br\/edicao-5288\/\">edital n\u00ba 5288<\/a>&nbsp;est\u00e1 publicado na imprensa oficial no site www.jundiai.sp.gov.br.<\/p>\n\n\n\n<p>Ser\u00e3o 10 vagas abertas, para pessoas com idade m\u00ednima de 18 anos e m\u00e1xima de 35 anos, tanto para masculino quanto no feminino e ter cursado Ensino M\u00e9dio. As inscri\u00e7\u00f5es iniciam no dia 28 de junho e se encerram no dia 27 de julho.<\/p>\n\n\n\n<p>Hoje a corpora\u00e7\u00e3o est\u00e1 com quase 400 guardas municipais e prestes a formar 55 novos guardas no m\u00eas de julho, o que deixar\u00e1 a GMJ com o maior efetivo da hist\u00f3ria. Outros 23 candidatos foram convocados do concurso anterior e ir\u00e3o iniciar o curso de forma\u00e7\u00e3o no in\u00edcio do pr\u00f3ximo m\u00eas.<\/p>\n\n\n<div class=\"wp-block-image\">\n<figure class=\"aligncenter size-large\"><img loading=\"lazy\" decoding=\"async\" width=\"1200\" height=\"801\" src=\"https:\/\/tvtecjundiai.com.br\/news\/wp-content\/uploads\/sites\/2\/2023\/06\/formatura_novos_guardas_municipais_pa-79-1-1280x854-1-1200x801.jpg\" alt=\"\" class=\"wp-image-111265\" srcset=\"https:\/\/tvtecjundiai.com.br\/news\/wp-content\/uploads\/sites\/2\/2023\/06\/formatura_novos_guardas_municipais_pa-79-1-1280x854-1-1200x801.jpg 1200w, https:\/\/tvtecjundiai.com.br\/news\/wp-content\/uploads\/sites\/2\/2023\/06\/formatura_novos_guardas_municipais_pa-79-1-1280x854-1-300x200.jpg 300w, https:\/\/tvtecjundiai.com.br\/news\/wp-content\/uploads\/sites\/2\/2023\/06\/formatura_novos_guardas_municipais_pa-79-1-1280x854-1-768x512.jpg 768w, https:\/\/tvtecjundiai.com.br\/news\/wp-content\/uploads\/sites\/2\/2023\/06\/formatura_novos_guardas_municipais_pa-79-1-1280x854-1.jpg 1280w\" sizes=\"auto, (max-width: 1200px) 100vw, 1200px\" \/><figcaption class=\"wp-element-caption\">Guardas passam por curso preparat\u00f3rio com forma\u00e7\u00e3o nas v\u00e1rias \u00e1reas de atua\u00e7\u00e3o da corpora\u00e7\u00e3o<\/figcaption><\/figure>\n<\/div>\n\n\n<p>\u201cEste concurso tem validade de cinco anos. Neste primeiro momento, iremos abrir 10 vagas, o que n\u00e3o significa que nos pr\u00f3ximos meses iremos chamar. Isso vai de acordo com a necessidade\u201d, afirma o comandante da GMJ, Benedito Marcos Moreno.<\/p>\n\n\n\n<p>Para a gestora de Seguran\u00e7a Municipal, a cidade s\u00f3 tem a ganhar com o aumento do efetivo. \u201cJundia\u00ed \u00e9 refer\u00eancia nacional em estrutura e a seguran\u00e7a p\u00fablica municipal tem um papel fundamental nisso. Desde 2017, estamos tendo investimentos muito fortes da administra\u00e7\u00e3o na seguran\u00e7a municipal e o aumento do efetivo \u00e9 um compromisso do prefeito Luiz Fernando Machado\u201d, comenta a gestora Carla Basson.<\/p>\n\n\n\n<p>Mais informa\u00e7\u00f5es como inscri\u00e7\u00f5es, vagas para negros e deficientes e ainda provas, basta acessar o site da prefeitura de Jundia\u00ed.<\/p>\n\n\n\n<p><em><strong>Fonte \/ Imagem: Prefeitura de Jundia\u00ed<\/strong><\/em><\/p>\n","protected":false},"excerpt":{"rendered":"<p>Guardas passam por curso preparat\u00f3rio com forma\u00e7\u00e3o nas v\u00e1rias \u00e1reas de atua\u00e7\u00e3o da corpora\u00e7\u00e3o<\/p>\n","protected":false},"author":30,"featured_media":111265,"comment_status":"closed","ping_status":"0","sticky":false,"template":"","format":"standard","meta":{"footnotes":""},"categories":[8356,1,4739],"tags":[],"class_list":["post-111264","post","type-post","status-publish","format-standard","has-post-thumbnail","hentry","category-jundiai","category-noticias","category-policia"],"_links":{"self":[{"href":"https:\/\/tvtecjundiai.com.br\/news\/wp-json\/wp\/v2\/posts\/111264","targetHints":{"allow":["GET"]}}],"collection":[{"href":"https:\/\/tvtecjundiai.com.br\/news\/wp-json\/wp\/v2\/posts"}],"about":[{"href":"https:\/\/tvtecjundiai.com.br\/news\/wp-json\/wp\/v2\/types\/post"}],"author":[{"embeddable":true,"href":"https:\/\/tvtecjundiai.com.br\/news\/wp-json\/wp\/v2\/users\/30"}],"replies":[{"embeddable":true,"href":"https:\/\/tvtecjundiai.com.br\/news\/wp-json\/wp\/v2\/comments?post=111264"}],"version-history":[{"count":1,"href":"https:\/\/tvtecjundiai.com.br\/news\/wp-json\/wp\/v2\/posts\/111264\/revisions"}],"predecessor-version":[{"id":111266,"href":"https:\/\/tvtecjundiai.com.br\/news\/wp-json\/wp\/v2\/posts\/111264\/revisions\/111266"}],"wp:featuredmedia":[{"embeddable":true,"href":"https:\/\/tvtecjundiai.com.br\/news\/wp-json\/wp\/v2\/media\/111265"}],"wp:attachment":[{"href":"https:\/\/tvtecjundiai.com.br\/news\/wp-json\/wp\/v2\/media?parent=111264"}],"wp:term":[{"taxonomy":"category","embeddable":true,"href":"https:\/\/tvtecjundiai.com.br\/news\/wp-json\/wp\/v2\/categories?post=111264"},{"taxonomy":"post_tag","embeddable":true,"href":"https:\/\/tvtecjundiai.com.br\/news\/wp-json\/wp\/v2\/tags?post=111264"}],"curies":[{"name":"wp","href":"https:\/\/api.w.org\/{rel}","templated":true}]}}