{"id":111279,"date":"2023-06-22T17:36:16","date_gmt":"2023-06-22T20:36:16","guid":{"rendered":"https:\/\/tvtecjundiai.com.br\/news\/?p=111279"},"modified":"2023-06-23T10:09:45","modified_gmt":"2023-06-23T13:09:45","slug":"gabriel-cayres-de-jundiai-se-prepara-para-competir-no-sul-americano-rotax-max-de-kart-em-lima-peru","status":"publish","type":"post","link":"https:\/\/tvtecjundiai.com.br\/news\/2023\/06\/22\/gabriel-cayres-de-jundiai-se-prepara-para-competir-no-sul-americano-rotax-max-de-kart-em-lima-peru\/","title":{"rendered":"Gabriel Cayres, de Jundia\u00ed, se prepara para competir no Sul-americano Rotax Max de Kart em Lima, Peru"},"content":{"rendered":"\n<p>Pilotos e equipes de diversos pa\u00edses sul-americanos est\u00e3o se preparando para participar de uma das competi\u00e7\u00f5es mais aguardadas do continente: o International Rotax Max Challenge South America, o Campeonato Sul-americano de Kart com motores Rotax. A competi\u00e7\u00e3o ter\u00e1 in\u00edcio no dia 27 de junho, no Kart\u00f3dromo de La Chutana, localizado a cerca de 50 quil\u00f4metros da capital peruana, Lima.<\/p>\n\n\n\n<p>O piloto de Jundia\u00ed, Gabriel Cayres, da equipe MFS Racing \/ Coach Marcelo Felipe da Silva, est\u00e1 confirmado na competi\u00e7\u00e3o e buscar\u00e1 o t\u00edtulo na categoria Rotax Micro Max, que \u00e9 a porta de entrada para esses motores. Ser\u00e1 a primeira competi\u00e7\u00e3o internacional de Gabriel, logo em seu ano de estreia como piloto profissional. Atualmente, ele est\u00e1 competindo na Copa S\u00e3o Paulo KGV e na V11 Cup, e nesta temporada, subiu ao p\u00f3dio em todas as etapas das competi\u00e7\u00f5es.<\/p>\n\n\n<div class=\"wp-block-image\">\n<figure class=\"aligncenter size-full is-resized\"><img loading=\"lazy\" decoding=\"async\" src=\"https:\/\/tvtecjundiai.com.br\/news\/wp-content\/uploads\/sites\/2\/2023\/06\/424258_1064660_whatsapp_image_2023_06_22_at_15.13.13__1__web_.jpeg\" alt=\"\" class=\"wp-image-111283\" width=\"710\" height=\"568\" srcset=\"https:\/\/tvtecjundiai.com.br\/news\/wp-content\/uploads\/sites\/2\/2023\/06\/424258_1064660_whatsapp_image_2023_06_22_at_15.13.13__1__web_.jpeg 960w, https:\/\/tvtecjundiai.com.br\/news\/wp-content\/uploads\/sites\/2\/2023\/06\/424258_1064660_whatsapp_image_2023_06_22_at_15.13.13__1__web_-300x240.jpeg 300w, https:\/\/tvtecjundiai.com.br\/news\/wp-content\/uploads\/sites\/2\/2023\/06\/424258_1064660_whatsapp_image_2023_06_22_at_15.13.13__1__web_-768x614.jpeg 768w\" sizes=\"auto, (max-width: 710px) 100vw, 710px\" \/><figcaption class=\"wp-element-caption\">A competi\u00e7\u00e3o ter\u00e1 in\u00edcio no dia 27 de junho, no Kart\u00f3dromo de La Chutana<\/figcaption><\/figure>\n<\/div>\n\n\n<p><\/p>\n\n\n\n<p>\u201cT\u00f4 muito feliz de poder disputar minha primeira competi\u00e7\u00e3o internacional. Vai ser uma corrida muito legal e eu vou dar meu m\u00e1ximo para representar bem o Brasil na Micro Max\u201d, comentou Gabriel Cayres, logo depois da confirma\u00e7\u00e3o de sua inscri\u00e7\u00e3o no Sul-americano Rotax Max.<\/p>\n\n\n\n<p>At\u00e9 o momento, j\u00e1 s\u00e3o 26 pilotos inscritos na categoria Rotax Micro Max. O piloto paulista partir\u00e1 para a capital peruana no domingo (25). Na ter\u00e7a-feira (27), ser\u00e3o realizados os procedimentos administrativos, sem atividades na pista. Apenas na quarta-feira (28) ter\u00e3o in\u00edcio os treinos livres. A classifica\u00e7\u00e3o para a defini\u00e7\u00e3o do grid de largada e as primeiras provas do Sul-americano Rotax Max ocorrer\u00e3o na sexta-feira (30). A disputa pelo t\u00edtulo de cada categoria acontecer\u00e1 no s\u00e1bado, dia 1\u00ba de julho, com as pr\u00e9-finais e finais.<\/p>\n\n\n<div class=\"wp-block-image\">\n<figure class=\"aligncenter size-full is-resized\"><img loading=\"lazy\" decoding=\"async\" src=\"https:\/\/tvtecjundiai.com.br\/news\/wp-content\/uploads\/sites\/2\/2023\/06\/424258_1064653_whatsapp_image_1_2023_06_22_at_09.25.53_web_.jpeg\" alt=\"\" class=\"wp-image-111284\" width=\"664\" height=\"530\" srcset=\"https:\/\/tvtecjundiai.com.br\/news\/wp-content\/uploads\/sites\/2\/2023\/06\/424258_1064653_whatsapp_image_1_2023_06_22_at_09.25.53_web_.jpeg 869w, https:\/\/tvtecjundiai.com.br\/news\/wp-content\/uploads\/sites\/2\/2023\/06\/424258_1064653_whatsapp_image_1_2023_06_22_at_09.25.53_web_-300x240.jpeg 300w, https:\/\/tvtecjundiai.com.br\/news\/wp-content\/uploads\/sites\/2\/2023\/06\/424258_1064653_whatsapp_image_1_2023_06_22_at_09.25.53_web_-768x614.jpeg 768w\" sizes=\"auto, (max-width: 664px) 100vw, 664px\" \/><\/figure>\n<\/div>\n\n\n<p><\/p>\n\n\n\n<p><strong><em>Fonte \/ Imagem: KMCom Assessoria<\/em><\/strong><\/p>\n","protected":false},"excerpt":{"rendered":"<p>O piloto de Jundia\u00ed, Gabriel Cayres est\u00e1 confirmado na competi\u00e7\u00e3o e buscar\u00e1 o t\u00edtulo na categoria Rotax Micro Max<\/p>\n","protected":false},"author":30,"featured_media":111310,"comment_status":"closed","ping_status":"0","sticky":false,"template":"","format":"standard","meta":{"footnotes":""},"categories":[2827,8356,1],"tags":[],"class_list":["post-111279","post","type-post","status-publish","format-standard","has-post-thumbnail","hentry","category-esportes-e-lazer","category-jundiai","category-noticias"],"_links":{"self":[{"href":"https:\/\/tvtecjundiai.com.br\/news\/wp-json\/wp\/v2\/posts\/111279","targetHints":{"allow":["GET"]}}],"collection":[{"href":"https:\/\/tvtecjundiai.com.br\/news\/wp-json\/wp\/v2\/posts"}],"about":[{"href":"https:\/\/tvtecjundiai.com.br\/news\/wp-json\/wp\/v2\/types\/post"}],"author":[{"embeddable":true,"href":"https:\/\/tvtecjundiai.com.br\/news\/wp-json\/wp\/v2\/users\/30"}],"replies":[{"embeddable":true,"href":"https:\/\/tvtecjundiai.com.br\/news\/wp-json\/wp\/v2\/comments?post=111279"}],"version-history":[{"count":2,"href":"https:\/\/tvtecjundiai.com.br\/news\/wp-json\/wp\/v2\/posts\/111279\/revisions"}],"predecessor-version":[{"id":111311,"href":"https:\/\/tvtecjundiai.com.br\/news\/wp-json\/wp\/v2\/posts\/111279\/revisions\/111311"}],"wp:featuredmedia":[{"embeddable":true,"href":"https:\/\/tvtecjundiai.com.br\/news\/wp-json\/wp\/v2\/media\/111310"}],"wp:attachment":[{"href":"https:\/\/tvtecjundiai.com.br\/news\/wp-json\/wp\/v2\/media?parent=111279"}],"wp:term":[{"taxonomy":"category","embeddable":true,"href":"https:\/\/tvtecjundiai.com.br\/news\/wp-json\/wp\/v2\/categories?post=111279"},{"taxonomy":"post_tag","embeddable":true,"href":"https:\/\/tvtecjundiai.com.br\/news\/wp-json\/wp\/v2\/tags?post=111279"}],"curies":[{"name":"wp","href":"https:\/\/api.w.org\/{rel}","templated":true}]}}