{"id":111288,"date":"2023-06-23T10:02:18","date_gmt":"2023-06-23T13:02:18","guid":{"rendered":"https:\/\/tvtecjundiai.com.br\/news\/?p=111288"},"modified":"2023-06-23T10:02:18","modified_gmt":"2023-06-23T13:02:18","slug":"primeiro-fim-de-semana-do-inverno-em-jundiai-deve-ter-maxima-de-27c","status":"publish","type":"post","link":"https:\/\/tvtecjundiai.com.br\/news\/2023\/06\/23\/primeiro-fim-de-semana-do-inverno-em-jundiai-deve-ter-maxima-de-27c\/","title":{"rendered":"Primeiro fim de semana do inverno em Jundia\u00ed deve ter m\u00e1xima de 27\u00b0C"},"content":{"rendered":"\n<p>O primeiro fim de semana do inverno ser\u00e1 de sol e altas temperaturas em Jundia\u00ed. Segundo o Climatempo, os term\u00f4metros devem ficar entre 12\u00b0C e 27\u00b0C, sem pancadas de chuva. O aumento da temperatura m\u00e1xima prevista deve continuar nos pr\u00f3ximos dias gra\u00e7as ao El Ni\u00f1o, fen\u00f4meno meteorol\u00f3gico que aquece as \u00e1guas do Oceano Pac\u00edfico.<\/p>\n\n\n\n<p>Al\u00e9m de promover o aumento das temperaturas, o El Ni\u00f1o provoca mudan\u00e7as na circula\u00e7\u00e3o dos ventos e nas chuvas em todo Brasil. Por conta do fen\u00f4meno, o inverno deve ser menos rigoroso e mais chuvoso nas regi\u00f5es Sudeste e Sul.<\/p>\n\n\n<div class=\"wp-block-image\">\n<figure class=\"aligncenter size-large is-resized\"><img loading=\"lazy\" decoding=\"async\" src=\"https:\/\/tvtecjundiai.com.br\/news\/wp-content\/uploads\/sites\/2\/2023\/06\/WhatsApp-Image-2023-06-23-at-09.57.50-edited.jpeg\" alt=\"\" class=\"wp-image-111307\" width=\"641\" height=\"427\" srcset=\"https:\/\/tvtecjundiai.com.br\/news\/wp-content\/uploads\/sites\/2\/2023\/06\/WhatsApp-Image-2023-06-23-at-09.57.50-edited.jpeg 1280w, https:\/\/tvtecjundiai.com.br\/news\/wp-content\/uploads\/sites\/2\/2023\/06\/WhatsApp-Image-2023-06-23-at-09.57.50-edited-300x200.jpeg 300w, https:\/\/tvtecjundiai.com.br\/news\/wp-content\/uploads\/sites\/2\/2023\/06\/WhatsApp-Image-2023-06-23-at-09.57.50-edited-1200x800.jpeg 1200w, https:\/\/tvtecjundiai.com.br\/news\/wp-content\/uploads\/sites\/2\/2023\/06\/WhatsApp-Image-2023-06-23-at-09.57.50-edited-768x512.jpeg 768w\" sizes=\"auto, (max-width: 641px) 100vw, 641px\" \/><\/figure>\n<\/div>\n\n\n<p><\/p>\n\n\n\n<p>Nesta sexta-feira (23), o dia \u00e9 de sol com algumas nuvens, sem chuva. Os term\u00f4metros ficam entre 12\u00b0C e 26\u00b0C.<\/p>\n\n\n\n<p>No s\u00e1bado (24), o dia deve ser de sol e tempo aberto, sem pancadas de chuva. A temperatura fica entre 12\u00b0C e 26\u00b0C.<\/p>\n\n\n\n<p>No domingo (25), os term\u00f4metros devem ficar entre 13\u00b0C e 27\u00b0C, atingindo a m\u00e1xima prevista para o fim de semana. O dia deve ser de sol, sem pancadas de chuva.<\/p>\n\n\n\n<p><em>*Com informa\u00e7\u00f5es da Ag\u00eancia Brasil<\/em><\/p>\n\n\n\n<p><strong><em>(Fonte: TVTEC Jundia\u00ed\/Imagem: Juliano Justino)<\/em><\/strong><\/p>\n","protected":false},"excerpt":{"rendered":"<p>O fen\u00f4meno El Ni\u00f1o aquece as \u00e1guas do Oceano Pac\u00edfico e provoca o aumento das temperaturas<\/p>\n","protected":false},"author":30,"featured_media":111307,"comment_status":"closed","ping_status":"0","sticky":false,"template":"","format":"standard","meta":{"footnotes":""},"categories":[3185,8356,1],"tags":[],"class_list":["post-111288","post","type-post","status-publish","format-standard","has-post-thumbnail","hentry","category-clima","category-jundiai","category-noticias"],"_links":{"self":[{"href":"https:\/\/tvtecjundiai.com.br\/news\/wp-json\/wp\/v2\/posts\/111288","targetHints":{"allow":["GET"]}}],"collection":[{"href":"https:\/\/tvtecjundiai.com.br\/news\/wp-json\/wp\/v2\/posts"}],"about":[{"href":"https:\/\/tvtecjundiai.com.br\/news\/wp-json\/wp\/v2\/types\/post"}],"author":[{"embeddable":true,"href":"https:\/\/tvtecjundiai.com.br\/news\/wp-json\/wp\/v2\/users\/30"}],"replies":[{"embeddable":true,"href":"https:\/\/tvtecjundiai.com.br\/news\/wp-json\/wp\/v2\/comments?post=111288"}],"version-history":[{"count":2,"href":"https:\/\/tvtecjundiai.com.br\/news\/wp-json\/wp\/v2\/posts\/111288\/revisions"}],"predecessor-version":[{"id":111308,"href":"https:\/\/tvtecjundiai.com.br\/news\/wp-json\/wp\/v2\/posts\/111288\/revisions\/111308"}],"wp:featuredmedia":[{"embeddable":true,"href":"https:\/\/tvtecjundiai.com.br\/news\/wp-json\/wp\/v2\/media\/111307"}],"wp:attachment":[{"href":"https:\/\/tvtecjundiai.com.br\/news\/wp-json\/wp\/v2\/media?parent=111288"}],"wp:term":[{"taxonomy":"category","embeddable":true,"href":"https:\/\/tvtecjundiai.com.br\/news\/wp-json\/wp\/v2\/categories?post=111288"},{"taxonomy":"post_tag","embeddable":true,"href":"https:\/\/tvtecjundiai.com.br\/news\/wp-json\/wp\/v2\/tags?post=111288"}],"curies":[{"name":"wp","href":"https:\/\/api.w.org\/{rel}","templated":true}]}}