{"id":111289,"date":"2023-06-23T09:15:51","date_gmt":"2023-06-23T12:15:51","guid":{"rendered":"https:\/\/tvtecjundiai.com.br\/news\/?p=111289"},"modified":"2023-06-23T09:15:52","modified_gmt":"2023-06-23T12:15:52","slug":"prazo-para-pre-inscricao-na-1a-feira-das-profissoes-e-tecnologia-termina-sabado-24","status":"publish","type":"post","link":"https:\/\/tvtecjundiai.com.br\/news\/2023\/06\/23\/prazo-para-pre-inscricao-na-1a-feira-das-profissoes-e-tecnologia-termina-sabado-24\/","title":{"rendered":"Prazo para pr\u00e9-inscri\u00e7\u00e3o na 1\u00aa Feira das Profiss\u00f5es e Tecnologia termina s\u00e1bado (24)"},"content":{"rendered":"\n<p>O prazo para a pr\u00e9-inscri\u00e7\u00e3o de empresas, escolas e institui\u00e7\u00f5es de ensino que desejam participar da 1\u00aa Feira das Profiss\u00f5es e Tecnologia se encerra no pr\u00f3ximo s\u00e1bado (24). O evento, que acontece entre os dias 14 e 16 de setembro, no Parque Comendador Ant\u00f4nio Carbonari (Parque da Uva), \u00e9 organizado pela Unidade de Gest\u00e3o de Desenvolvimento Econ\u00f4mico, Ci\u00eancia e Tecnologia (UGDECT), da Prefeitura de Jundia\u00ed, em parceria com a Secretaria da Educa\u00e7\u00e3o do Estado de S\u00e3o Paulo (Governo do Estado).<\/p>\n\n\n\n<p>A iniciativa visa dar oportunidade aos jovens que buscam definir qual caminho profissional querem tomar ap\u00f3s a conclus\u00e3o do ensino m\u00e9dio. Faz parte, tamb\u00e9m, das a\u00e7\u00f5es propostas pelo programa Jundia\u00ed Empreendedora no que diz\u00a0<a rel=\"noreferrer noopener\" href=\"https:\/\/jundiai.sp.gov.br\/noticias\/2023\/06\/21\/jovens-tem-vagas-especificas-de-estagio-e-aprendiz-pelo-portal-jundiai-empreendedora\/\" target=\"_blank\">respeito \u00e0 empregabilidade no munic\u00edpio<\/a>.<\/p>\n\n\n<div class=\"wp-block-image\">\n<figure class=\"aligncenter size-large\"><img loading=\"lazy\" decoding=\"async\" width=\"1200\" height=\"675\" src=\"https:\/\/tvtecjundiai.com.br\/news\/wp-content\/uploads\/sites\/2\/2023\/06\/whatsapp-image-2022-11-25-at-13-19-28-1200x675.jpeg\" alt=\"\" class=\"wp-image-111290\" srcset=\"https:\/\/tvtecjundiai.com.br\/news\/wp-content\/uploads\/sites\/2\/2023\/06\/whatsapp-image-2022-11-25-at-13-19-28-1200x675.jpeg 1200w, https:\/\/tvtecjundiai.com.br\/news\/wp-content\/uploads\/sites\/2\/2023\/06\/whatsapp-image-2022-11-25-at-13-19-28-300x169.jpeg 300w, https:\/\/tvtecjundiai.com.br\/news\/wp-content\/uploads\/sites\/2\/2023\/06\/whatsapp-image-2022-11-25-at-13-19-28-768x432.jpeg 768w, https:\/\/tvtecjundiai.com.br\/news\/wp-content\/uploads\/sites\/2\/2023\/06\/whatsapp-image-2022-11-25-at-13-19-28.jpeg 1280w\" sizes=\"auto, (max-width: 1200px) 100vw, 1200px\" \/><figcaption class=\"wp-element-caption\">Parimoschi e Cristiano Lopes estiveram na Europa, ano passado, em feiras tecnol\u00f3gicas e de profiss\u00f5es<\/figcaption><\/figure>\n<\/div>\n\n\n<p>As pr\u00e9-inscri\u00e7\u00f5es poder\u00e3o ser feitas somente via formul\u00e1rio do&nbsp;<a href=\"https:\/\/docs.google.com\/forms\/d\/e\/1FAIpQLScy-OJGeJX_P7YTpukvcr3XqkZKoVLVF39p2CZAOWM1KjsIlA\/viewform?pli=1\" target=\"_blank\" rel=\"noreferrer noopener\">Google Forms<\/a>, dispon\u00edvel tamb\u00e9m no portal&nbsp;<a href=\"https:\/\/negocios.jundiai.sp.gov.br\/\" target=\"_blank\" rel=\"noreferrer noopener\">Jundia\u00ed Empreendedora<\/a>. \u201cA 1\u00aa Feira das Profiss\u00f5es e Tecnologia ser\u00e1 uma experi\u00eancia \u00fanica e interativa para todos os participantes. Nossa meta \u00e9 oferecer viv\u00eancias e experi\u00eancias \u00fanicas aos jovens, atrav\u00e9s de uma variedade de atividades envolventes, que permitir\u00e3o explorar diversas \u00e1reas profissionais de forma pr\u00e1tica e interessante\u201d, ressaltou Cristiano Lopes, gestor de Desenvolvimento Econ\u00f4mico, Ci\u00eancia e Tecnologia.<\/p>\n\n\n\n<p><strong>Perfil profissional<\/strong><\/p>\n\n\n\n<p>Um destaque especial na feira ser\u00e1 o perfil profissional interativo \u201cEle permite aos visitantes descobrir aptid\u00f5es e interesses profissionais. Esse teste, baseado em question\u00e1rios e atividades pr\u00e1ticas, ajudar\u00e1 os jovens a identificar \u00e1reas de atua\u00e7\u00e3o que estejam alinhadas com habilidades e paix\u00f5es\u201d, comentou Jos\u00e9 Antonio Parimoschi, gestor de Governo e Finan\u00e7as.<\/p>\n\n\n\n<p>Os dois gestores, inclusive, estiveram na Europa para refor\u00e7ar o\u00a0<a rel=\"noreferrer noopener\" href=\"https:\/\/jundiai.sp.gov.br\/noticias\/2022\/11\/26\/jundiai-reforca-internacionalizacao-para-atrair-mais-investimentos-estrangeiros\/\" target=\"_blank\">processo de internacionaliza\u00e7\u00e3o<\/a>\u00a0do munic\u00edpio e conhecer feiras tecnol\u00f3gicas e de profiss\u00f5es.<\/p>\n\n\n\n<p>Mais de 10 grandes empresas j\u00e1 fizeram a pr\u00e9-inscri\u00e7\u00e3o, al\u00e9m de 11 universidades e faculdades, cinco Startups, duas ONGs e 13 escolas profissionalizantes (voltadas ao est\u00e1gio, menor aprendiz, escola de idiomas e interc\u00e2mbios).<\/p>\n\n\n<div class=\"wp-block-image\">\n<figure class=\"aligncenter size-large\"><img loading=\"lazy\" decoding=\"async\" width=\"1200\" height=\"675\" src=\"https:\/\/tvtecjundiai.com.br\/news\/wp-content\/uploads\/sites\/2\/2023\/06\/whatsapp-image-2022-11-25-at-13-18-51-1-1200x675.jpeg\" alt=\"\" class=\"wp-image-111291\" srcset=\"https:\/\/tvtecjundiai.com.br\/news\/wp-content\/uploads\/sites\/2\/2023\/06\/whatsapp-image-2022-11-25-at-13-18-51-1-1200x675.jpeg 1200w, https:\/\/tvtecjundiai.com.br\/news\/wp-content\/uploads\/sites\/2\/2023\/06\/whatsapp-image-2022-11-25-at-13-18-51-1-300x169.jpeg 300w, https:\/\/tvtecjundiai.com.br\/news\/wp-content\/uploads\/sites\/2\/2023\/06\/whatsapp-image-2022-11-25-at-13-18-51-1-768x432.jpeg 768w, https:\/\/tvtecjundiai.com.br\/news\/wp-content\/uploads\/sites\/2\/2023\/06\/whatsapp-image-2022-11-25-at-13-18-51-1.jpeg 1280w\" sizes=\"auto, (max-width: 1200px) 100vw, 1200px\" \/><figcaption class=\"wp-element-caption\">Ideia \u00e9 usar as mesmas experi\u00eancias europeias para gerar oportunidade aos jovens de Jundia\u00ed<\/figcaption><\/figure>\n<\/div>\n\n\n<p>Ao longo do evento, os visitantes ter\u00e3o a oportunidade de participar de workshops, palestras e demonstra\u00e7\u00f5es pr\u00e1ticas, ministradas por profissionais renomados de diversas \u00e1reas. Essas atividades permitir\u00e3o que os visitantes conhe\u00e7am de perto as rotinas de trabalho, os desafios e as recompensas de diferentes profiss\u00f5es, despertando seu interesse e curiosidade.<\/p>\n\n\n\n<p><strong><em>Fonte \/ Imagem: Prefeitura de Jundia\u00ed<\/em><\/strong><\/p>\n","protected":false},"excerpt":{"rendered":"<p>Ideia \u00e9 usar as mesmas experi\u00eancias europeias para gerar oportunidade aos jovens de Jundia\u00ed<\/p>\n","protected":false},"author":30,"featured_media":111291,"comment_status":"closed","ping_status":"0","sticky":false,"template":"","format":"standard","meta":{"footnotes":""},"categories":[8356,1],"tags":[],"class_list":["post-111289","post","type-post","status-publish","format-standard","has-post-thumbnail","hentry","category-jundiai","category-noticias"],"_links":{"self":[{"href":"https:\/\/tvtecjundiai.com.br\/news\/wp-json\/wp\/v2\/posts\/111289","targetHints":{"allow":["GET"]}}],"collection":[{"href":"https:\/\/tvtecjundiai.com.br\/news\/wp-json\/wp\/v2\/posts"}],"about":[{"href":"https:\/\/tvtecjundiai.com.br\/news\/wp-json\/wp\/v2\/types\/post"}],"author":[{"embeddable":true,"href":"https:\/\/tvtecjundiai.com.br\/news\/wp-json\/wp\/v2\/users\/30"}],"replies":[{"embeddable":true,"href":"https:\/\/tvtecjundiai.com.br\/news\/wp-json\/wp\/v2\/comments?post=111289"}],"version-history":[{"count":1,"href":"https:\/\/tvtecjundiai.com.br\/news\/wp-json\/wp\/v2\/posts\/111289\/revisions"}],"predecessor-version":[{"id":111292,"href":"https:\/\/tvtecjundiai.com.br\/news\/wp-json\/wp\/v2\/posts\/111289\/revisions\/111292"}],"wp:featuredmedia":[{"embeddable":true,"href":"https:\/\/tvtecjundiai.com.br\/news\/wp-json\/wp\/v2\/media\/111291"}],"wp:attachment":[{"href":"https:\/\/tvtecjundiai.com.br\/news\/wp-json\/wp\/v2\/media?parent=111289"}],"wp:term":[{"taxonomy":"category","embeddable":true,"href":"https:\/\/tvtecjundiai.com.br\/news\/wp-json\/wp\/v2\/categories?post=111289"},{"taxonomy":"post_tag","embeddable":true,"href":"https:\/\/tvtecjundiai.com.br\/news\/wp-json\/wp\/v2\/tags?post=111289"}],"curies":[{"name":"wp","href":"https:\/\/api.w.org\/{rel}","templated":true}]}}