{"id":111302,"date":"2023-06-23T09:53:25","date_gmt":"2023-06-23T12:53:25","guid":{"rendered":"https:\/\/tvtecjundiai.com.br\/news\/?p=111302"},"modified":"2023-06-23T09:53:25","modified_gmt":"2023-06-23T12:53:25","slug":"comad-promove-palestra-em-semana-de-reflexao-sobre-drogas","status":"publish","type":"post","link":"https:\/\/tvtecjundiai.com.br\/news\/2023\/06\/23\/comad-promove-palestra-em-semana-de-reflexao-sobre-drogas\/","title":{"rendered":"COMAD promove palestra em Semana de Reflex\u00e3o sobre Drogas"},"content":{"rendered":"\n<p>O Conselho Municipal sobre Drogas (COMAD) \u2013 que est\u00e1 vinculado \u00e0 Unidade de Gest\u00e3o da Casa Civil (UGCC) \u2013 ir\u00e1 promover uma palestra com o tema \u201cUso de Drogas: An\u00e1lise Contextual da Pol\u00edtica sobre Drogas no Brasil\u201d. A atividade acontece \u00e0s 19h do dia 28 de junho, no formato on-line, e faz parte da Semana de Reflex\u00e3o sobre Drogas.<\/p>\n\n\n\n<p>O palestrante ser\u00e1 o renomado psiquiatra e especialista em gest\u00e3o na \u00e1rea de sa\u00fade p\u00fablica, mental e pol\u00edticas de drogas, Leon de Souza Lobo Garcia. Os interessados em participar devem escanear o QR Code presente na imagem abaixo.<\/p>\n\n\n<div class=\"wp-block-image\">\n<figure class=\"aligncenter size-large is-resized\"><img loading=\"lazy\" decoding=\"async\" src=\"https:\/\/tvtecjundiai.com.br\/news\/wp-content\/uploads\/sites\/2\/2023\/06\/whatsapp-image-2023-06-22-at-11-25-34-1-676x960.jpeg\" alt=\"\" class=\"wp-image-111303\" width=\"642\" height=\"912\" srcset=\"https:\/\/tvtecjundiai.com.br\/news\/wp-content\/uploads\/sites\/2\/2023\/06\/whatsapp-image-2023-06-22-at-11-25-34-1-676x960.jpeg 676w, https:\/\/tvtecjundiai.com.br\/news\/wp-content\/uploads\/sites\/2\/2023\/06\/whatsapp-image-2023-06-22-at-11-25-34-1-300x426.jpeg 300w, https:\/\/tvtecjundiai.com.br\/news\/wp-content\/uploads\/sites\/2\/2023\/06\/whatsapp-image-2023-06-22-at-11-25-34-1-768x1090.jpeg 768w, https:\/\/tvtecjundiai.com.br\/news\/wp-content\/uploads\/sites\/2\/2023\/06\/whatsapp-image-2023-06-22-at-11-25-34-1.jpeg 1057w\" sizes=\"auto, (max-width: 642px) 100vw, 642px\" \/><\/figure>\n<\/div>\n\n\n<p>A iniciativa tamb\u00e9m marca a continuidade das a\u00e7\u00f5es para a constru\u00e7\u00e3o do Plano Municipal sobre Drogas.<\/p>\n\n\n\n<p><strong><em>Fonte \/ Imagem: Prefeitura de Jundia\u00ed<\/em><\/strong><\/p>\n","protected":false},"excerpt":{"rendered":"<p>Os interessados em participar devem escanear o QR Code presente na imagem abaixo<\/p>\n","protected":false},"author":30,"featured_media":111303,"comment_status":"closed","ping_status":"0","sticky":false,"template":"","format":"standard","meta":{"footnotes":""},"categories":[8356,1],"tags":[],"class_list":["post-111302","post","type-post","status-publish","format-standard","has-post-thumbnail","hentry","category-jundiai","category-noticias"],"_links":{"self":[{"href":"https:\/\/tvtecjundiai.com.br\/news\/wp-json\/wp\/v2\/posts\/111302","targetHints":{"allow":["GET"]}}],"collection":[{"href":"https:\/\/tvtecjundiai.com.br\/news\/wp-json\/wp\/v2\/posts"}],"about":[{"href":"https:\/\/tvtecjundiai.com.br\/news\/wp-json\/wp\/v2\/types\/post"}],"author":[{"embeddable":true,"href":"https:\/\/tvtecjundiai.com.br\/news\/wp-json\/wp\/v2\/users\/30"}],"replies":[{"embeddable":true,"href":"https:\/\/tvtecjundiai.com.br\/news\/wp-json\/wp\/v2\/comments?post=111302"}],"version-history":[{"count":1,"href":"https:\/\/tvtecjundiai.com.br\/news\/wp-json\/wp\/v2\/posts\/111302\/revisions"}],"predecessor-version":[{"id":111304,"href":"https:\/\/tvtecjundiai.com.br\/news\/wp-json\/wp\/v2\/posts\/111302\/revisions\/111304"}],"wp:featuredmedia":[{"embeddable":true,"href":"https:\/\/tvtecjundiai.com.br\/news\/wp-json\/wp\/v2\/media\/111303"}],"wp:attachment":[{"href":"https:\/\/tvtecjundiai.com.br\/news\/wp-json\/wp\/v2\/media?parent=111302"}],"wp:term":[{"taxonomy":"category","embeddable":true,"href":"https:\/\/tvtecjundiai.com.br\/news\/wp-json\/wp\/v2\/categories?post=111302"},{"taxonomy":"post_tag","embeddable":true,"href":"https:\/\/tvtecjundiai.com.br\/news\/wp-json\/wp\/v2\/tags?post=111302"}],"curies":[{"name":"wp","href":"https:\/\/api.w.org\/{rel}","templated":true}]}}