{"id":111328,"date":"2023-06-23T15:31:37","date_gmt":"2023-06-23T18:31:37","guid":{"rendered":"https:\/\/tvtecjundiai.com.br\/news\/?p=111328"},"modified":"2023-06-23T15:31:38","modified_gmt":"2023-06-23T18:31:38","slug":"projeto-de-requalificacao-do-vale-do-rio-jundiai-e-apresentado-com-inicio-da-fase-3","status":"publish","type":"post","link":"https:\/\/tvtecjundiai.com.br\/news\/2023\/06\/23\/projeto-de-requalificacao-do-vale-do-rio-jundiai-e-apresentado-com-inicio-da-fase-3\/","title":{"rendered":"Projeto de Requalifica\u00e7\u00e3o do Vale do Rio Jundia\u00ed \u00e9 apresentado com in\u00edcio da Fase 3"},"content":{"rendered":"\n<p>Como parte da programa\u00e7\u00e3o do m\u00eas do meio ambiente,&nbsp;a Unidade de Gest\u00e3o de Planejamento Urbano e Meio Ambiente (UGPUMA) realizou, nesta quinta-feira (22), no Audit\u00f3rio da Prefeitura de Jundia\u00ed, mais uma apresenta\u00e7\u00e3o p\u00fablica para tratar do Projeto de Requalifica\u00e7\u00e3o do Vale do Rio Jundia\u00ed. No encontro, foi discutido o projeto funcional de urbanismo e infraestrutura da \u00e1rea de interven\u00e7\u00e3o, com in\u00edcio da Fase 3, ao longo de todo o trecho de 28 quil\u00f4metros do Rio Jundia\u00ed, que corta toda a cidade. A \u00e1rea priorit\u00e1ria de interven\u00e7\u00e3o, que cont\u00e9m 1 quil\u00f4metro na Avenida Ant\u00f4nio Frederico Ozanam, tamb\u00e9m foi apresentada.<\/p>\n\n\n\n<p>Foram mostrados os estudos para a constru\u00e7\u00e3o de um parque linear&nbsp;ao longo do Rio Jundia\u00ed, alargamento das margens para evitar alagamentos, an\u00e1lises de futuras desapropria\u00e7\u00f5es e constru\u00e7\u00e3o de novas pontes e projeto vi\u00e1rio.<\/p>\n\n\n<div class=\"wp-block-image\">\n<figure class=\"aligncenter size-large is-resized\"><img loading=\"lazy\" decoding=\"async\" src=\"https:\/\/tvtecjundiai.com.br\/news\/wp-content\/uploads\/sites\/2\/2023\/06\/reuniao_requalificacao_rio-jundiai-6-1280x854-1-1200x801.jpg\" alt=\"\" class=\"wp-image-111329\" width=\"822\" height=\"548\" srcset=\"https:\/\/tvtecjundiai.com.br\/news\/wp-content\/uploads\/sites\/2\/2023\/06\/reuniao_requalificacao_rio-jundiai-6-1280x854-1-1200x801.jpg 1200w, https:\/\/tvtecjundiai.com.br\/news\/wp-content\/uploads\/sites\/2\/2023\/06\/reuniao_requalificacao_rio-jundiai-6-1280x854-1-300x200.jpg 300w, https:\/\/tvtecjundiai.com.br\/news\/wp-content\/uploads\/sites\/2\/2023\/06\/reuniao_requalificacao_rio-jundiai-6-1280x854-1-768x512.jpg 768w, https:\/\/tvtecjundiai.com.br\/news\/wp-content\/uploads\/sites\/2\/2023\/06\/reuniao_requalificacao_rio-jundiai-6-1280x854-1.jpg 1280w\" sizes=\"auto, (max-width: 822px) 100vw, 822px\" \/><figcaption class=\"wp-element-caption\">Projeto de Requalifica\u00e7\u00e3o do Vale do Rio Jundia\u00ed \u00e9 apresentado com in\u00edcio da Fase 3<\/figcaption><\/figure>\n<\/div>\n\n\n<p>\u201cN\u00f3s contratamos esse estudo que tem por objetivo requalificar e revitalizar toda a margem do Rio Jundia\u00ed. \u00c9 um projeto a longo prazo e que precisa do envolvimento da comunidade.\u00a0 Na medida em que n\u00f3s qualificamos o rio, a regi\u00e3o toda \u00e9 beneficiada, principalmente o meio ambiente\u201d, relata o gestor da UGPUMA, Sin\u00e9sio Scarabello Filho.<\/p>\n\n\n\n<p>A apresenta\u00e7\u00e3o foi feita pelo arquiteto Pedro Taddei, respons\u00e1vel pelo Cons\u00f3rcio Jundiahy. O projeto tem por objetivo integrar o Rio Jundia\u00ed ao lazer e espa\u00e7o de conviv\u00eancia ao longo de toda a extens\u00e3o. &nbsp;\u201cN\u00f3s queremos que o rio volte a ser um espa\u00e7o de lazer e qualidade de vida para as fam\u00edlias, por isso a import\u00e2ncia desse projeto e do envolvimento da comunidade em todas as&nbsp;suas fases\u201d, ressalta a diretora de Urbanismo de Jundia\u00ed, Sylvia Angelini.<\/p>\n\n\n\n<p>Tamb\u00e9m estiveram presentes no encontro o gestor de Mobilidade e Transportes de Jundia\u00ed, Aloysio Queiroz, al\u00e9m de diretores e t\u00e9cnicos da UGPUMA e membros do\u00a0Conselho Municipal de Pol\u00edtica Territorial (CMPT).\u00a0<\/p>\n\n\n\n<p><strong><em>Fonte \/ Imagem: Prefeitura de Jundia\u00ed<\/em><\/strong><\/p>\n","protected":false},"excerpt":{"rendered":"<p>Projeto de Requalifica\u00e7\u00e3o do Vale do Rio Jundia\u00ed \u00e9 apresentado com in\u00edcio da Fase 3<\/p>\n","protected":false},"author":30,"featured_media":111329,"comment_status":"closed","ping_status":"0","sticky":false,"template":"","format":"standard","meta":{"footnotes":""},"categories":[8356,1],"tags":[],"class_list":["post-111328","post","type-post","status-publish","format-standard","has-post-thumbnail","hentry","category-jundiai","category-noticias"],"_links":{"self":[{"href":"https:\/\/tvtecjundiai.com.br\/news\/wp-json\/wp\/v2\/posts\/111328","targetHints":{"allow":["GET"]}}],"collection":[{"href":"https:\/\/tvtecjundiai.com.br\/news\/wp-json\/wp\/v2\/posts"}],"about":[{"href":"https:\/\/tvtecjundiai.com.br\/news\/wp-json\/wp\/v2\/types\/post"}],"author":[{"embeddable":true,"href":"https:\/\/tvtecjundiai.com.br\/news\/wp-json\/wp\/v2\/users\/30"}],"replies":[{"embeddable":true,"href":"https:\/\/tvtecjundiai.com.br\/news\/wp-json\/wp\/v2\/comments?post=111328"}],"version-history":[{"count":1,"href":"https:\/\/tvtecjundiai.com.br\/news\/wp-json\/wp\/v2\/posts\/111328\/revisions"}],"predecessor-version":[{"id":111331,"href":"https:\/\/tvtecjundiai.com.br\/news\/wp-json\/wp\/v2\/posts\/111328\/revisions\/111331"}],"wp:featuredmedia":[{"embeddable":true,"href":"https:\/\/tvtecjundiai.com.br\/news\/wp-json\/wp\/v2\/media\/111329"}],"wp:attachment":[{"href":"https:\/\/tvtecjundiai.com.br\/news\/wp-json\/wp\/v2\/media?parent=111328"}],"wp:term":[{"taxonomy":"category","embeddable":true,"href":"https:\/\/tvtecjundiai.com.br\/news\/wp-json\/wp\/v2\/categories?post=111328"},{"taxonomy":"post_tag","embeddable":true,"href":"https:\/\/tvtecjundiai.com.br\/news\/wp-json\/wp\/v2\/tags?post=111328"}],"curies":[{"name":"wp","href":"https:\/\/api.w.org\/{rel}","templated":true}]}}