{"id":111332,"date":"2023-06-23T15:34:52","date_gmt":"2023-06-23T18:34:52","guid":{"rendered":"https:\/\/tvtecjundiai.com.br\/news\/?p=111332"},"modified":"2023-06-23T15:36:16","modified_gmt":"2023-06-23T18:36:16","slug":"cultivo-protegido-jundiai-dobra-valor-do-beneficio-pago-aos-produtores-rurais","status":"publish","type":"post","link":"https:\/\/tvtecjundiai.com.br\/news\/2023\/06\/23\/cultivo-protegido-jundiai-dobra-valor-do-beneficio-pago-aos-produtores-rurais\/","title":{"rendered":"Jundia\u00ed dobra valor do benef\u00edcio pago aos produtores rurais"},"content":{"rendered":"\n<p>Com objetivo de estimular os produtores rurais para o uso de tecnologias que ampliem a prote\u00e7\u00e3o \u00e0s lavouras e, consequentemente, a redu\u00e7\u00e3o do gasto com seguro, possibilitando novos investimentos na propriedade, a Prefeitura de Jundia\u00ed, atrav\u00e9s da Unidade de Gest\u00e3o de Agroneg\u00f3cio, Abastecimento e Turismo (UGAAT), dobra o valor oferecido aos agricultores pelo \u201cPrograma Municipal de Apoio ao Cultivo Protegido\u201d. O recurso passa para R$ 6 mil por propriedade, o dobro do valor repassado no ano passado (R$ 3 mil). As inscri\u00e7\u00f5es j\u00e1 est\u00e3o abertas e se estendem at\u00e9 21 de julho.<\/p>\n\n\n\n<p>O recurso foi lan\u00e7ado no ano passado, sendo pioneiro em territ\u00f3rio nacional como prote\u00e7\u00e3o e preven\u00e7\u00e3o aos extremos clim\u00e1ticos. \u201cAo lan\u00e7ar o programa pioneiro, no ano passado, Jundia\u00ed refor\u00e7a a import\u00e2ncia do fortalecimento da agricultura para a qualidade de vida na cidade. N\u00e3o somente com a prote\u00e7\u00e3o aos mananciais, como para a oferta de alimentos de qualidade e frescos. O programa \u00e9 amplo e atende a todas as culturas\u201d, ressalta o prefeito Luiz Fernando Machado.<\/p>\n\n\n<div class=\"wp-block-image\">\n<figure class=\"aligncenter size-large\"><img loading=\"lazy\" decoding=\"async\" width=\"1200\" height=\"801\" src=\"https:\/\/tvtecjundiai.com.br\/news\/wp-content\/uploads\/sites\/2\/2023\/06\/plantacao-de-uva-com-tela-de-cultivo-protegido-anderson-tomasetto_fm_-38-1280x854-1-1200x801.jpg\" alt=\"\" class=\"wp-image-111333\" srcset=\"https:\/\/tvtecjundiai.com.br\/news\/wp-content\/uploads\/sites\/2\/2023\/06\/plantacao-de-uva-com-tela-de-cultivo-protegido-anderson-tomasetto_fm_-38-1280x854-1-1200x801.jpg 1200w, https:\/\/tvtecjundiai.com.br\/news\/wp-content\/uploads\/sites\/2\/2023\/06\/plantacao-de-uva-com-tela-de-cultivo-protegido-anderson-tomasetto_fm_-38-1280x854-1-300x200.jpg 300w, https:\/\/tvtecjundiai.com.br\/news\/wp-content\/uploads\/sites\/2\/2023\/06\/plantacao-de-uva-com-tela-de-cultivo-protegido-anderson-tomasetto_fm_-38-1280x854-1-768x512.jpg 768w, https:\/\/tvtecjundiai.com.br\/news\/wp-content\/uploads\/sites\/2\/2023\/06\/plantacao-de-uva-com-tela-de-cultivo-protegido-anderson-tomasetto_fm_-38-1280x854-1.jpg 1280w\" sizes=\"auto, (max-width: 1200px) 100vw, 1200px\" \/><figcaption class=\"wp-element-caption\">Anderson Tomasetto, produtor de uva, diz que o Programa ajuda bastante a reduzir riscos de perdas<\/figcaption><\/figure>\n<\/div>\n\n\n<p>O objetivo do Programa \u00e9 reduzir os riscos de perdas na produ\u00e7\u00e3o. \u201cO subs\u00eddio atende telas antigranizo, antip\u00e1ssaro e filme agr\u00edcola, que s\u00e3o materiais usados na prote\u00e7\u00e3o das culturas. O valor pode ser usado por agricultores com propriedade comprovadamente produtora de frutas e hortali\u00e7as e com \u00e1rea produtiva estabelecida em Jundia\u00ed, desde que apresentada a nota fiscal da compra do revestimento\u201d, comenta o gestor de Agroneg\u00f3cio, Abastecimento e Turismo, Eduardo Alvarez.<\/p>\n\n\n\n<p>O cultivo em ambiente protegido minimiza o impacto de estresses clim\u00e1ticos decorrentes do excesso de chuva, granizo, geadas e baixas temperaturas, al\u00e9m de impedir que os frutos sofram ataques de p\u00e1ssaros no per\u00edodo da colheita e minimizar a incid\u00eancia de ataque de pragas, insetos e doen\u00e7as, o que promove e melhora a qualidade final do produto.<\/p>\n\n\n\n<p>O produtor de uva, Anderson Alex Tomasetto, do bairro Travi\u00fa, ressalta a import\u00e2ncia do Programa e dos equipamentos para a seguran\u00e7a do agricultor: \u201cDepois de instalada a cobertura antigranizo, que n\u00f3s compramos com a ajuda do Programa de Cultivo Protegido, n\u00f3s n\u00e3o temos necessidade de pagar seguro para a produ\u00e7\u00e3o, al\u00e9m do equipamento tamb\u00e9m proteger a uva, quando est\u00e1 madura, do ataque de p\u00e1ssaros. E a durabilidade \u00e0s vezes passa de 10 anos, dependendo da marca ou empresa, ent\u00e3o \u00e9 um grande benef\u00edcio para a fruticultura\u201d.<\/p>\n\n\n<div class=\"wp-block-image\">\n<figure class=\"aligncenter size-large\"><img loading=\"lazy\" decoding=\"async\" width=\"1200\" height=\"801\" src=\"https:\/\/tvtecjundiai.com.br\/news\/wp-content\/uploads\/sites\/2\/2023\/06\/plantacao-de-uva-com-tela-de-cultivo-protegido-anderson-tomasetto_fm_-58-1280x854-1-1200x801.jpg\" alt=\"\" class=\"wp-image-111334\" srcset=\"https:\/\/tvtecjundiai.com.br\/news\/wp-content\/uploads\/sites\/2\/2023\/06\/plantacao-de-uva-com-tela-de-cultivo-protegido-anderson-tomasetto_fm_-58-1280x854-1-1200x801.jpg 1200w, https:\/\/tvtecjundiai.com.br\/news\/wp-content\/uploads\/sites\/2\/2023\/06\/plantacao-de-uva-com-tela-de-cultivo-protegido-anderson-tomasetto_fm_-58-1280x854-1-300x200.jpg 300w, https:\/\/tvtecjundiai.com.br\/news\/wp-content\/uploads\/sites\/2\/2023\/06\/plantacao-de-uva-com-tela-de-cultivo-protegido-anderson-tomasetto_fm_-58-1280x854-1-768x512.jpg 768w, https:\/\/tvtecjundiai.com.br\/news\/wp-content\/uploads\/sites\/2\/2023\/06\/plantacao-de-uva-com-tela-de-cultivo-protegido-anderson-tomasetto_fm_-58-1280x854-1.jpg 1280w\" sizes=\"auto, (max-width: 1200px) 100vw, 1200px\" \/><figcaption class=\"wp-element-caption\">O cultivo em ambiente protegido minimiza o impacto de estresses clim\u00e1ticos decorrentes do excesso de chuva, granizo, geadas e baixas temperatura<\/figcaption><\/figure>\n<\/div>\n\n\n<p>O novo valor de subs\u00eddio do Programa Municipal de Apoio ao Cultivo Protegido foi definido pela Lei Municipal n\u00ba 9.966\/2023, que alterou a Lei 9.650\/2021. \u201cEsse incremento no valor do Programa Municipal de Apoio ao Cultivo Protegido \u00e9 mais uma medida de apoio \u00e0 produ\u00e7\u00e3o sustent\u00e1vel no munic\u00edpio de Jundia\u00ed\u201d, ressalta a diretora do Departamento de Agroneg\u00f3cios de Jundia\u00ed, Isabel Harder.<\/p>\n\n\n\n<p>Os produtores rurais dever\u00e3o apresentar os seguinte documentos: c\u00f3pias do RG e CPF (pessoa f\u00edsica); c\u00f3pia do CNPJ, RG e CPF dos respons\u00e1veis (pessoa jur\u00eddica); c\u00f3pia simples do documento que comprove a posse da propriedade; c\u00f3pia simples do comprovante de resid\u00eancia; c\u00f3pia simples da nota fiscal em nome do produtor rural, referente \u00e0 compra dos revestimentos para a cobertura das estruturas; certid\u00f5es negativas de d\u00e9bito dos tributos municipais; c\u00f3pia do comprovante de conta banc\u00e1ria em nome do produtor.<\/p>\n\n\n\n<p>Os documentos para a inscri\u00e7\u00e3o devem ser apresentados diretamente na Unidade de Agroneg\u00f3cio, Abastecimento e Turismo, que fica no Pa\u00e7o Municipal \u2013 5\u00ba andar \u2013 Ala Norte, das 9 \u00e0s 17 horas. O formul\u00e1rio tamb\u00e9m pode ser retirado e preenchido no \u00f3rg\u00e3o no momento da inscri\u00e7\u00e3o. Em caso de d\u00favidas os produtores podem entrar em contato pelos telefones: 11 4589-8581\/8872\/8692.<\/p>\n","protected":false},"excerpt":{"rendered":"<p>O cultivo em ambiente protegido minimiza o impacto de estresses clim\u00e1ticos <\/p>\n","protected":false},"author":30,"featured_media":111333,"comment_status":"closed","ping_status":"0","sticky":false,"template":"","format":"standard","meta":{"footnotes":""},"categories":[8356,1],"tags":[],"class_list":["post-111332","post","type-post","status-publish","format-standard","has-post-thumbnail","hentry","category-jundiai","category-noticias"],"_links":{"self":[{"href":"https:\/\/tvtecjundiai.com.br\/news\/wp-json\/wp\/v2\/posts\/111332","targetHints":{"allow":["GET"]}}],"collection":[{"href":"https:\/\/tvtecjundiai.com.br\/news\/wp-json\/wp\/v2\/posts"}],"about":[{"href":"https:\/\/tvtecjundiai.com.br\/news\/wp-json\/wp\/v2\/types\/post"}],"author":[{"embeddable":true,"href":"https:\/\/tvtecjundiai.com.br\/news\/wp-json\/wp\/v2\/users\/30"}],"replies":[{"embeddable":true,"href":"https:\/\/tvtecjundiai.com.br\/news\/wp-json\/wp\/v2\/comments?post=111332"}],"version-history":[{"count":2,"href":"https:\/\/tvtecjundiai.com.br\/news\/wp-json\/wp\/v2\/posts\/111332\/revisions"}],"predecessor-version":[{"id":111337,"href":"https:\/\/tvtecjundiai.com.br\/news\/wp-json\/wp\/v2\/posts\/111332\/revisions\/111337"}],"wp:featuredmedia":[{"embeddable":true,"href":"https:\/\/tvtecjundiai.com.br\/news\/wp-json\/wp\/v2\/media\/111333"}],"wp:attachment":[{"href":"https:\/\/tvtecjundiai.com.br\/news\/wp-json\/wp\/v2\/media?parent=111332"}],"wp:term":[{"taxonomy":"category","embeddable":true,"href":"https:\/\/tvtecjundiai.com.br\/news\/wp-json\/wp\/v2\/categories?post=111332"},{"taxonomy":"post_tag","embeddable":true,"href":"https:\/\/tvtecjundiai.com.br\/news\/wp-json\/wp\/v2\/tags?post=111332"}],"curies":[{"name":"wp","href":"https:\/\/api.w.org\/{rel}","templated":true}]}}