{"id":111365,"date":"2023-06-23T17:33:37","date_gmt":"2023-06-23T20:33:37","guid":{"rendered":"https:\/\/tvtecjundiai.com.br\/news\/?p=111365"},"modified":"2023-06-23T17:33:37","modified_gmt":"2023-06-23T20:33:37","slug":"volei-feminino-vence-maua-e-mantem-invencibilidade-e-lideranca-de-copa-regional","status":"publish","type":"post","link":"https:\/\/tvtecjundiai.com.br\/news\/2023\/06\/23\/volei-feminino-vence-maua-e-mantem-invencibilidade-e-lideranca-de-copa-regional\/","title":{"rendered":"V\u00f4lei feminino vence Mau\u00e1 e mant\u00e9m invencibilidade e lideran\u00e7a de Copa Regional"},"content":{"rendered":"\n<p>O v\u00f4lei feminino do Time Jundiai venceu Mau\u00e1, na quinta-feira (22), na casa do advers\u00e1rio, pela 31\u00aa Copa Regional, categoria 16\/17 anos, por 3 sets a 1, com parciais de 18\/25, 25\/18, 25\/13 e 25\/18.<\/p>\n\n\n\n<p>Segundo o t\u00e9cnico Moacir Regra, depois de uma surpresa no primeiro set, quando o advers\u00e1rio for\u00e7ou bastante o saque, o time conseguiu corrigir a recep\u00e7\u00e3o e melhorar tamb\u00e9m no saque, vencendo os outros tr\u00eas sets.<\/p>\n\n\n\n<p>Com o resultado, o time segue invicto na competi\u00e7\u00e3o e na lideran\u00e7a do grupo B. O pr\u00f3ximo compromisso \u00e9 na pr\u00f3xima quarta-feira (28), em S\u00e3o Jos\u00e9 dos Campos, contra a equipe do Sirius .<\/p>\n\n\n<div class=\"wp-block-image\">\n<figure class=\"aligncenter size-full\"><img loading=\"lazy\" decoding=\"async\" width=\"1024\" height=\"768\" src=\"https:\/\/tvtecjundiai.com.br\/news\/wp-content\/uploads\/sites\/2\/2023\/06\/volei-2.jpg\" alt=\"\" class=\"wp-image-111366\" srcset=\"https:\/\/tvtecjundiai.com.br\/news\/wp-content\/uploads\/sites\/2\/2023\/06\/volei-2.jpg 1024w, https:\/\/tvtecjundiai.com.br\/news\/wp-content\/uploads\/sites\/2\/2023\/06\/volei-2-300x225.jpg 300w, https:\/\/tvtecjundiai.com.br\/news\/wp-content\/uploads\/sites\/2\/2023\/06\/volei-2-768x576.jpg 768w\" sizes=\"auto, (max-width: 1024px) 100vw, 1024px\" \/><figcaption class=\"wp-element-caption\">Time segue invicto. Pr\u00f3ximo jogo \u00e9 na quarta<\/figcaption><\/figure>\n<\/div>\n\n\n<p>O Time Jundia\u00ed jogou com: Joana, Gabi, Giovanna, Bianca, Sinthia, Daniela e a l\u00edbero Bianca Cecato. Tamb\u00e9m entraram Melyna, Melissa, Gabriela, Fernanda Dib, Fernanda Medeiros, Sabryna e Ana Carolina .<br>A equipe tem apoio da Cereser.<\/p>\n\n\n\n<p><strong><em>Fonte \/ Imagem: Prefeitura de Jundia\u00ed<\/em><\/strong><\/p>\n","protected":false},"excerpt":{"rendered":"<p>Time segue invicto. Pr\u00f3ximo jogo \u00e9 na quarta<\/p>\n","protected":false},"author":30,"featured_media":111366,"comment_status":"closed","ping_status":"0","sticky":false,"template":"","format":"standard","meta":{"footnotes":""},"categories":[2827,8356,1],"tags":[],"class_list":["post-111365","post","type-post","status-publish","format-standard","has-post-thumbnail","hentry","category-esportes-e-lazer","category-jundiai","category-noticias"],"_links":{"self":[{"href":"https:\/\/tvtecjundiai.com.br\/news\/wp-json\/wp\/v2\/posts\/111365","targetHints":{"allow":["GET"]}}],"collection":[{"href":"https:\/\/tvtecjundiai.com.br\/news\/wp-json\/wp\/v2\/posts"}],"about":[{"href":"https:\/\/tvtecjundiai.com.br\/news\/wp-json\/wp\/v2\/types\/post"}],"author":[{"embeddable":true,"href":"https:\/\/tvtecjundiai.com.br\/news\/wp-json\/wp\/v2\/users\/30"}],"replies":[{"embeddable":true,"href":"https:\/\/tvtecjundiai.com.br\/news\/wp-json\/wp\/v2\/comments?post=111365"}],"version-history":[{"count":1,"href":"https:\/\/tvtecjundiai.com.br\/news\/wp-json\/wp\/v2\/posts\/111365\/revisions"}],"predecessor-version":[{"id":111367,"href":"https:\/\/tvtecjundiai.com.br\/news\/wp-json\/wp\/v2\/posts\/111365\/revisions\/111367"}],"wp:featuredmedia":[{"embeddable":true,"href":"https:\/\/tvtecjundiai.com.br\/news\/wp-json\/wp\/v2\/media\/111366"}],"wp:attachment":[{"href":"https:\/\/tvtecjundiai.com.br\/news\/wp-json\/wp\/v2\/media?parent=111365"}],"wp:term":[{"taxonomy":"category","embeddable":true,"href":"https:\/\/tvtecjundiai.com.br\/news\/wp-json\/wp\/v2\/categories?post=111365"},{"taxonomy":"post_tag","embeddable":true,"href":"https:\/\/tvtecjundiai.com.br\/news\/wp-json\/wp\/v2\/tags?post=111365"}],"curies":[{"name":"wp","href":"https:\/\/api.w.org\/{rel}","templated":true}]}}