{"id":11137,"date":"2018-05-25T18:49:27","date_gmt":"2018-05-25T21:49:27","guid":{"rendered":"https:\/\/tvtecjundiai.com.br\/news\/?p=11137"},"modified":"2018-05-25T18:49:27","modified_gmt":"2018-05-25T21:49:27","slug":"emissao-de-certificado-internacional-para-febre-amarela-tem-agendamento","status":"publish","type":"post","link":"https:\/\/tvtecjundiai.com.br\/news\/2018\/05\/25\/emissao-de-certificado-internacional-para-febre-amarela-tem-agendamento\/","title":{"rendered":"Emiss\u00e3o de Certificado Internacional para Febre Amarela tem agendamento"},"content":{"rendered":"<div id=\"attachment_11138\" style=\"width: 460px\" class=\"wp-caption alignright\"><a href=\"https:\/\/tvtecjundiai.com.br\/news\/wp-content\/uploads\/sites\/2\/2018\/05\/vacina-da-febre-amarela-1.jpg\"><img loading=\"lazy\" decoding=\"async\" aria-describedby=\"caption-attachment-11138\" class=\"wp-image-11138\" src=\"https:\/\/tvtecjundiai.com.br\/news\/wp-content\/uploads\/sites\/2\/2018\/05\/vacina-da-febre-amarela-1-300x198.jpg\" alt=\"\" width=\"450\" height=\"296\" srcset=\"https:\/\/tvtecjundiai.com.br\/news\/wp-content\/uploads\/sites\/2\/2018\/05\/vacina-da-febre-amarela-1-300x198.jpg 300w, https:\/\/tvtecjundiai.com.br\/news\/wp-content\/uploads\/sites\/2\/2018\/05\/vacina-da-febre-amarela-1.jpg 700w\" sizes=\"auto, (max-width: 450px) 100vw, 450px\" \/><\/a><p id=\"caption-attachment-11138\" class=\"wp-caption-text\">Certificado internacional de febre amarela exige apresenta\u00e7\u00e3o de carteira de vacina\u00e7\u00e3o com a comprova\u00e7\u00e3o da dose<\/p><\/div>\n<p>A Vigil\u00e2ncia Epidemiol\u00f3gica (VE), \u00f3rg\u00e3o ligado \u00e0 Unidade de Gest\u00e3o de Promo\u00e7\u00e3o da Sa\u00fade (UGPS), passa a adotar o agendamento disponibilizado pelo site da Ag\u00eancia Nacional de Vigil\u00e2ncia Sanit\u00e1ria (Anvisa) para a emiss\u00e3o do Certificado Internacional de vacina\u00e7\u00e3o contra Febre Amarela. O agendamento estar\u00e1 dispon\u00edvel a partir do dia 11 de junho.<\/p>\n<p>O objetivo da medida, segundo a enfermeira da VE, Maria do Carmo Possidente, \u00e9 acelerar o atendimento para a popula\u00e7\u00e3o. \u201cQuem precisa do certificado internacional deve fazer o agendamento pelo site, onde escolher\u00e1 o dia e hor\u00e1rio para o atendimento, al\u00e9m de optar por uma das Unidades B\u00e1sicas de Sa\u00fade (UBSs) que ofertam a emiss\u00e3o\u201d, detalha. A agendamento no site da ANVISA (anvisa.gov.br\/viajante) estar\u00e1 dispon\u00edvel a partir do dia 11. At\u00e9 o dia 8, as UBS Central (Av. Ant\u00f4nio Segre 71, Centro.) e Anhangaba\u00fa (Rua Hans Staden 40, Anhagaba\u00fa) continuar\u00e3o a atender nos dias determinados para essa presta\u00e7\u00e3o de servi\u00e7o.<\/p>\n<p><strong>Emiss\u00e3o<\/strong><\/p>\n<p>Para realizar o cadastro \u00e9 necess\u00e1rio acessar o site anvisa.gov.br\/viajante, clicar em cadastrar, novo, preencher todos os dados e salvar. Na sequ\u00eancia, clicar em agendamento, selecionar o Estado, Cidade e a UBS onde ir\u00e1 comparecer. Na sequ\u00eancia, escolha a data e hor\u00e1rio. Ser\u00e1 enviado um email de confirma\u00e7\u00e3o do agendamento.<\/p>\n<p>Ap\u00f3s o processo completo, o usu\u00e1rio deve comparecer no hor\u00e1rio e no local indicado. O agendamento \u00e9 individual e os usu\u00e1rios devem apresentar na UBS os documentos: passagem ou reserva da passagem, comprovante de resid\u00eancia, CPF e RG ou Passaporte, comprovante de vacina\u00e7\u00e3o onde conste a vacina contra a Febre Amarela. S\u00f3 ser\u00e3o emitidos os certificados para residentes em Jundia\u00ed.<\/p>\n<p><em>Fonte: Prefeitura de Jundia\u00ed<\/em><\/p>\n","protected":false},"excerpt":{"rendered":"<p>Objetivo \u00e9 acelerar o atendimento para a popula\u00e7\u00e3o<\/p>\n","protected":false},"author":10,"featured_media":11138,"comment_status":"closed","ping_status":"closed","sticky":false,"template":"","format":"standard","meta":{"footnotes":""},"categories":[2834,2839],"tags":[3290,5,15],"class_list":["post-11137","post","type-post","status-publish","format-standard","has-post-thumbnail","hentry","category-cidades","category-saude","tag-certificado-internacional-para-febre-amarela","tag-jundiai","tag-tvtec"],"_links":{"self":[{"href":"https:\/\/tvtecjundiai.com.br\/news\/wp-json\/wp\/v2\/posts\/11137","targetHints":{"allow":["GET"]}}],"collection":[{"href":"https:\/\/tvtecjundiai.com.br\/news\/wp-json\/wp\/v2\/posts"}],"about":[{"href":"https:\/\/tvtecjundiai.com.br\/news\/wp-json\/wp\/v2\/types\/post"}],"author":[{"embeddable":true,"href":"https:\/\/tvtecjundiai.com.br\/news\/wp-json\/wp\/v2\/users\/10"}],"replies":[{"embeddable":true,"href":"https:\/\/tvtecjundiai.com.br\/news\/wp-json\/wp\/v2\/comments?post=11137"}],"version-history":[{"count":1,"href":"https:\/\/tvtecjundiai.com.br\/news\/wp-json\/wp\/v2\/posts\/11137\/revisions"}],"predecessor-version":[{"id":11139,"href":"https:\/\/tvtecjundiai.com.br\/news\/wp-json\/wp\/v2\/posts\/11137\/revisions\/11139"}],"wp:featuredmedia":[{"embeddable":true,"href":"https:\/\/tvtecjundiai.com.br\/news\/wp-json\/wp\/v2\/media\/11138"}],"wp:attachment":[{"href":"https:\/\/tvtecjundiai.com.br\/news\/wp-json\/wp\/v2\/media?parent=11137"}],"wp:term":[{"taxonomy":"category","embeddable":true,"href":"https:\/\/tvtecjundiai.com.br\/news\/wp-json\/wp\/v2\/categories?post=11137"},{"taxonomy":"post_tag","embeddable":true,"href":"https:\/\/tvtecjundiai.com.br\/news\/wp-json\/wp\/v2\/tags?post=11137"}],"curies":[{"name":"wp","href":"https:\/\/api.w.org\/{rel}","templated":true}]}}