{"id":111390,"date":"2023-06-25T10:14:00","date_gmt":"2023-06-25T13:14:00","guid":{"rendered":"https:\/\/tvtecjundiai.com.br\/news\/?p=111390"},"modified":"2023-06-25T10:14:03","modified_gmt":"2023-06-25T13:14:03","slug":"cultura-jundiai-fara-audiencia-publica-para-discutir-lei-paulo-gustavo","status":"publish","type":"post","link":"https:\/\/tvtecjundiai.com.br\/news\/2023\/06\/25\/cultura-jundiai-fara-audiencia-publica-para-discutir-lei-paulo-gustavo\/","title":{"rendered":"Cultura Jundia\u00ed far\u00e1 audi\u00eancia p\u00fablica para discutir Lei Paulo Gustavo"},"content":{"rendered":"\n<p>A Unidade de Gest\u00e3o de Cultura (UGC) ir\u00e1 promover, na quinta-feira (29), uma audi\u00eancia p\u00fablica para discutir a Lei Paulo Gustavo (LPG), promovida pelo Minist\u00e9rio da Cultura. O evento tem in\u00edcio previsto para 19h e acontecer\u00e1 de forma presencial, no Espa\u00e7o Expressa (antigo Complexo Fepasa), que fica na Av. Uni\u00e3o dos Ferrovi\u00e1rios, 1760.<\/p>\n\n\n\n<p>A audi\u00eancia p\u00fablica \u00e9 a \u00faltima etapa de um processo iniciado juntamente com o Conselho Municipal de Pol\u00edticas Culturais. Foram realizados uma s\u00e9rie de encontros e discuss\u00f5es com as c\u00e2maras setoriais da cultura, para chegar a um documento definitivo que, se aprovado, ser\u00e1 encaminhado ao Minist\u00e9rio da Cultura para que o munic\u00edpio fa\u00e7a o uso da lei.<\/p>\n\n\n\n<figure class=\"wp-block-image\"><img decoding=\"async\" src=\"https:\/\/jundiai.sp.gov.br\/noticias\/wp-content\/uploads\/sites\/32\/2022\/07\/complexo_fepasa-12.jpg\" alt=\"\" class=\"wp-image-297850\" \/><figcaption class=\"wp-element-caption\">Audi\u00eancia p\u00fablica ser\u00e1 no Espa\u00e7o Expressa<\/figcaption><\/figure>\n\n\n\n<p>Em Jundia\u00ed, o aporte destinado pela LPG \u2013 Lei Complementar n\u00ba 195\/2022 pode chegar aos R$ 3,2 milh\u00f5es, para a execu\u00e7\u00e3o de a\u00e7\u00f5es e projetos culturais, por meio de repasse para que o Munic\u00edpio abra editais, chamamentos p\u00fablicos, pr\u00eamios, ou at\u00e9 aquisi\u00e7\u00e3o de bens e servi\u00e7os, em diversos segmentos culturais. Os presentes poder\u00e3o fazer sugest\u00f5es e tirar d\u00favidas.<\/p>\n\n\n\n<p>\u201cUm momento importante para discutir junto com a popula\u00e7\u00e3o as a\u00e7\u00f5es que ser\u00e3o desenvolvidas pela Cultura, por meio da Lei Paulo Gustavo. A cultura \u00e9 uma ferramenta de transforma\u00e7\u00e3o na vida das pessoas e por isso \u00e9 justo discutirmos isso de maneira conjunta\u201d, avalia o Gestor de Cultura, Marcelo Peroni.<\/p>\n\n\n\n<p><\/p>\n\n\n\n<p>Fonte \/ Imagem: Prefeitura de Jundia\u00ed<\/p>\n","protected":false},"excerpt":{"rendered":"<p>Audi\u00eancia p\u00fablica ser\u00e1 no Espa\u00e7o Expressa<\/p>\n","protected":false},"author":24,"featured_media":111391,"comment_status":"closed","ping_status":"0","sticky":false,"template":"","format":"standard","meta":{"footnotes":""},"categories":[1],"tags":[],"class_list":["post-111390","post","type-post","status-publish","format-standard","has-post-thumbnail","hentry","category-noticias"],"_links":{"self":[{"href":"https:\/\/tvtecjundiai.com.br\/news\/wp-json\/wp\/v2\/posts\/111390","targetHints":{"allow":["GET"]}}],"collection":[{"href":"https:\/\/tvtecjundiai.com.br\/news\/wp-json\/wp\/v2\/posts"}],"about":[{"href":"https:\/\/tvtecjundiai.com.br\/news\/wp-json\/wp\/v2\/types\/post"}],"author":[{"embeddable":true,"href":"https:\/\/tvtecjundiai.com.br\/news\/wp-json\/wp\/v2\/users\/24"}],"replies":[{"embeddable":true,"href":"https:\/\/tvtecjundiai.com.br\/news\/wp-json\/wp\/v2\/comments?post=111390"}],"version-history":[{"count":1,"href":"https:\/\/tvtecjundiai.com.br\/news\/wp-json\/wp\/v2\/posts\/111390\/revisions"}],"predecessor-version":[{"id":111392,"href":"https:\/\/tvtecjundiai.com.br\/news\/wp-json\/wp\/v2\/posts\/111390\/revisions\/111392"}],"wp:featuredmedia":[{"embeddable":true,"href":"https:\/\/tvtecjundiai.com.br\/news\/wp-json\/wp\/v2\/media\/111391"}],"wp:attachment":[{"href":"https:\/\/tvtecjundiai.com.br\/news\/wp-json\/wp\/v2\/media?parent=111390"}],"wp:term":[{"taxonomy":"category","embeddable":true,"href":"https:\/\/tvtecjundiai.com.br\/news\/wp-json\/wp\/v2\/categories?post=111390"},{"taxonomy":"post_tag","embeddable":true,"href":"https:\/\/tvtecjundiai.com.br\/news\/wp-json\/wp\/v2\/tags?post=111390"}],"curies":[{"name":"wp","href":"https:\/\/api.w.org\/{rel}","templated":true}]}}