{"id":111404,"date":"2023-06-26T09:40:41","date_gmt":"2023-06-26T12:40:41","guid":{"rendered":"https:\/\/tvtecjundiai.com.br\/news\/?p=111404"},"modified":"2023-06-28T10:08:35","modified_gmt":"2023-06-28T13:08:35","slug":"ultima-semana-de-junho-em-jundiai-sera-de-sol-e-tempo-firme","status":"publish","type":"post","link":"https:\/\/tvtecjundiai.com.br\/news\/2023\/06\/26\/ultima-semana-de-junho-em-jundiai-sera-de-sol-e-tempo-firme\/","title":{"rendered":"\u00daltima semana de junho em Jundia\u00ed ser\u00e1 de sol e tempo firme"},"content":{"rendered":"\n<p>A previs\u00e3o \u00e9 de que esta semana os dias continuem com manh\u00e3s um pouco mais frias e tardes mais quentes em Jundia\u00ed, sem pancadas de chuva. Segundo o Climatempo, os term\u00f4metros devem ficar entre 13\u00b0C e 27\u00b0C.<\/p>\n\n\n\n<p>Nesta segunda-feira (26), o dia \u00e9 de sol com poucas nuvens e sem previs\u00e3o de chuva. A temperatura fica entre 13\u00b0C e 26\u00b0C.<\/p>\n\n\n<div class=\"wp-block-image\">\n<figure class=\"aligncenter size-large is-resized\"><img loading=\"lazy\" decoding=\"async\" src=\"https:\/\/tvtecjundiai.com.br\/news\/wp-content\/uploads\/sites\/2\/2023\/06\/WhatsApp-Image-2023-05-29-at-15.21.39-edited.jpeg\" alt=\"\" class=\"wp-image-111413\" width=\"664\" height=\"442\" srcset=\"https:\/\/tvtecjundiai.com.br\/news\/wp-content\/uploads\/sites\/2\/2023\/06\/WhatsApp-Image-2023-05-29-at-15.21.39-edited.jpeg 1280w, https:\/\/tvtecjundiai.com.br\/news\/wp-content\/uploads\/sites\/2\/2023\/06\/WhatsApp-Image-2023-05-29-at-15.21.39-edited-300x200.jpeg 300w, https:\/\/tvtecjundiai.com.br\/news\/wp-content\/uploads\/sites\/2\/2023\/06\/WhatsApp-Image-2023-05-29-at-15.21.39-edited-1200x800.jpeg 1200w, https:\/\/tvtecjundiai.com.br\/news\/wp-content\/uploads\/sites\/2\/2023\/06\/WhatsApp-Image-2023-05-29-at-15.21.39-edited-768x512.jpeg 768w\" sizes=\"auto, (max-width: 664px) 100vw, 664px\" \/><\/figure>\n<\/div>\n\n\n<p><\/p>\n\n\n\n<p><strong>Confira a previs\u00e3o detalhada, de acordo com o Climatempo<\/strong><\/p>\n\n\n\n<p><strong>Ter\u00e7a-feira (27):<\/strong>&nbsp;Dia de sol com poucas nuvens, sem chuva. Os term\u00f4metros ficam entre 13\u00b0C e 26\u00b0C.<\/p>\n\n\n\n<p><strong>Quarta-feira (28):<\/strong>&nbsp;Sol o dia todo, sem nuvens e sem previs\u00e3o de chuva. Os term\u00f4metros devem marcar entre 14\u00b0C e 27\u00b0C, atingindo a m\u00e1xima prevista para a semana.<\/p>\n\n\n\n<p><strong>Quinta-feira (29):<\/strong>&nbsp;Dia de sol com muitas nuvens, sem previs\u00e3o de chuva. A temperatura deve ficar entre 15\u00b0C e 24\u00b0C.<\/p>\n\n\n\n<p><strong>Sexta-feira (30):<\/strong>&nbsp;Dia de sol com muitas nuvens e n\u00e9voa ao amanhecer, sem chuva. Os term\u00f4metros devem marcar entre 14\u00b0C e 24\u00b0C.<\/p>\n\n\n\n<p><em><strong>(Fonte: TVTEC Jundia\u00ed\/Imagem: Juliano Justino)<\/strong><\/em><\/p>\n","protected":false},"excerpt":{"rendered":"<p>Segundo o Climatempo, os term\u00f4metros devem ficar entre 13\u00b0C e 27\u00b0C<\/p>\n","protected":false},"author":30,"featured_media":111413,"comment_status":"closed","ping_status":"0","sticky":false,"template":"","format":"standard","meta":{"footnotes":""},"categories":[3185,29,8356,1],"tags":[],"class_list":["post-111404","post","type-post","status-publish","format-standard","has-post-thumbnail","hentry","category-clima","category-destaque","category-jundiai","category-noticias"],"_links":{"self":[{"href":"https:\/\/tvtecjundiai.com.br\/news\/wp-json\/wp\/v2\/posts\/111404","targetHints":{"allow":["GET"]}}],"collection":[{"href":"https:\/\/tvtecjundiai.com.br\/news\/wp-json\/wp\/v2\/posts"}],"about":[{"href":"https:\/\/tvtecjundiai.com.br\/news\/wp-json\/wp\/v2\/types\/post"}],"author":[{"embeddable":true,"href":"https:\/\/tvtecjundiai.com.br\/news\/wp-json\/wp\/v2\/users\/30"}],"replies":[{"embeddable":true,"href":"https:\/\/tvtecjundiai.com.br\/news\/wp-json\/wp\/v2\/comments?post=111404"}],"version-history":[{"count":3,"href":"https:\/\/tvtecjundiai.com.br\/news\/wp-json\/wp\/v2\/posts\/111404\/revisions"}],"predecessor-version":[{"id":111532,"href":"https:\/\/tvtecjundiai.com.br\/news\/wp-json\/wp\/v2\/posts\/111404\/revisions\/111532"}],"wp:featuredmedia":[{"embeddable":true,"href":"https:\/\/tvtecjundiai.com.br\/news\/wp-json\/wp\/v2\/media\/111413"}],"wp:attachment":[{"href":"https:\/\/tvtecjundiai.com.br\/news\/wp-json\/wp\/v2\/media?parent=111404"}],"wp:term":[{"taxonomy":"category","embeddable":true,"href":"https:\/\/tvtecjundiai.com.br\/news\/wp-json\/wp\/v2\/categories?post=111404"},{"taxonomy":"post_tag","embeddable":true,"href":"https:\/\/tvtecjundiai.com.br\/news\/wp-json\/wp\/v2\/tags?post=111404"}],"curies":[{"name":"wp","href":"https:\/\/api.w.org\/{rel}","templated":true}]}}