{"id":111406,"date":"2023-06-26T10:06:26","date_gmt":"2023-06-26T13:06:26","guid":{"rendered":"https:\/\/tvtecjundiai.com.br\/news\/?p=111406"},"modified":"2023-06-26T10:09:00","modified_gmt":"2023-06-26T13:09:00","slug":"cantora-jundiaiense-da-um-show-no-americas-got-talent","status":"publish","type":"post","link":"https:\/\/tvtecjundiai.com.br\/news\/2023\/06\/26\/cantora-jundiaiense-da-um-show-no-americas-got-talent\/","title":{"rendered":"Cantora jundiaiense d\u00e1 um show no America&#8217;s Got Talent"},"content":{"rendered":"\n<p>A cantora jundiaiense Ninah Sampaio deu um show ao participar da 18\u00b0 temporada do America&#8217;s Got Talent, programa em que cantores, dan\u00e7arinos, m\u00e1gicos, comediantes e outros talentos entram na disputa por um pr\u00eamio milion\u00e1rio e o t\u00edtulo de melhor atra\u00e7\u00e3o. A apresenta\u00e7\u00e3o foi ao ar no dia 20 de junho no canal NBC.<\/p>\n\n\n\n<p>Ninah cantou a m\u00fasica &#8216;Try&#8217;, de Pink, enquanto solucionava diferentes tipos de cubo m\u00e1gico. A apresenta\u00e7\u00e3o da jundiaiense encantou a todos e arrancou gritos da plateia. V\u00eddeos da performance da cantora j\u00e1 est\u00e3o dispon\u00edveis na internet.<\/p>\n\n\n\n<p>Nas redes sociais, a cantora escreveu &#8220;Eu ainda n\u00e3o acredito que tudo isso est\u00e1 acontecendo! Minha vida est\u00e1 parecendo um sonho esse ano&#8221;. <\/p>\n\n\n<div class=\"wp-block-image\">\n<figure class=\"aligncenter size-large is-resized\"><img loading=\"lazy\" decoding=\"async\" src=\"https:\/\/tvtecjundiai.com.br\/news\/wp-content\/uploads\/sites\/2\/2023\/06\/ninah-sampaio-960x960.jpg\" alt=\"\" class=\"wp-image-111417\" width=\"535\" height=\"535\" srcset=\"https:\/\/tvtecjundiai.com.br\/news\/wp-content\/uploads\/sites\/2\/2023\/06\/ninah-sampaio-960x960.jpg 960w, https:\/\/tvtecjundiai.com.br\/news\/wp-content\/uploads\/sites\/2\/2023\/06\/ninah-sampaio-300x300.jpg 300w, https:\/\/tvtecjundiai.com.br\/news\/wp-content\/uploads\/sites\/2\/2023\/06\/ninah-sampaio-100x100.jpg 100w, https:\/\/tvtecjundiai.com.br\/news\/wp-content\/uploads\/sites\/2\/2023\/06\/ninah-sampaio-768x768.jpg 768w, https:\/\/tvtecjundiai.com.br\/news\/wp-content\/uploads\/sites\/2\/2023\/06\/ninah-sampaio.jpg 1080w\" sizes=\"auto, (max-width: 535px) 100vw, 535px\" \/><figcaption class=\"wp-element-caption\">Foto: Perfil do Instagram @ninahsampaio<\/figcaption><\/figure>\n<\/div>\n\n\n<p><\/p>\n\n\n\n<p><strong><em>(Fonte: TVTEC Jundia\u00ed\/Imagem: Perfil do Instagram @ninahsampaio)<\/em><\/strong><\/p>\n","protected":false},"excerpt":{"rendered":"<p>Ninah Sampaio cantou a m\u00fasica &#8216;Try&#8217; enquanto solucionava diferentes tipos de cubo m\u00e1gico<\/p>\n","protected":false},"author":30,"featured_media":111418,"comment_status":"closed","ping_status":"0","sticky":false,"template":"","format":"standard","meta":{"footnotes":""},"categories":[2833,8356,1],"tags":[],"class_list":["post-111406","post","type-post","status-publish","format-standard","has-post-thumbnail","hentry","category-cultura","category-jundiai","category-noticias"],"_links":{"self":[{"href":"https:\/\/tvtecjundiai.com.br\/news\/wp-json\/wp\/v2\/posts\/111406","targetHints":{"allow":["GET"]}}],"collection":[{"href":"https:\/\/tvtecjundiai.com.br\/news\/wp-json\/wp\/v2\/posts"}],"about":[{"href":"https:\/\/tvtecjundiai.com.br\/news\/wp-json\/wp\/v2\/types\/post"}],"author":[{"embeddable":true,"href":"https:\/\/tvtecjundiai.com.br\/news\/wp-json\/wp\/v2\/users\/30"}],"replies":[{"embeddable":true,"href":"https:\/\/tvtecjundiai.com.br\/news\/wp-json\/wp\/v2\/comments?post=111406"}],"version-history":[{"count":7,"href":"https:\/\/tvtecjundiai.com.br\/news\/wp-json\/wp\/v2\/posts\/111406\/revisions"}],"predecessor-version":[{"id":111424,"href":"https:\/\/tvtecjundiai.com.br\/news\/wp-json\/wp\/v2\/posts\/111406\/revisions\/111424"}],"wp:featuredmedia":[{"embeddable":true,"href":"https:\/\/tvtecjundiai.com.br\/news\/wp-json\/wp\/v2\/media\/111418"}],"wp:attachment":[{"href":"https:\/\/tvtecjundiai.com.br\/news\/wp-json\/wp\/v2\/media?parent=111406"}],"wp:term":[{"taxonomy":"category","embeddable":true,"href":"https:\/\/tvtecjundiai.com.br\/news\/wp-json\/wp\/v2\/categories?post=111406"},{"taxonomy":"post_tag","embeddable":true,"href":"https:\/\/tvtecjundiai.com.br\/news\/wp-json\/wp\/v2\/tags?post=111406"}],"curies":[{"name":"wp","href":"https:\/\/api.w.org\/{rel}","templated":true}]}}