{"id":111408,"date":"2023-06-26T09:34:19","date_gmt":"2023-06-26T12:34:19","guid":{"rendered":"https:\/\/tvtecjundiai.com.br\/news\/?p=111408"},"modified":"2023-06-26T09:34:19","modified_gmt":"2023-06-26T12:34:19","slug":"politicas-intersetoriais-para-criancas-com-tea-avancam-em-reuniao-com-maes","status":"publish","type":"post","link":"https:\/\/tvtecjundiai.com.br\/news\/2023\/06\/26\/politicas-intersetoriais-para-criancas-com-tea-avancam-em-reuniao-com-maes\/","title":{"rendered":"Pol\u00edticas intersetoriais para crian\u00e7as com TEA avan\u00e7am em reuni\u00e3o com m\u00e3es"},"content":{"rendered":"\n<p>Em nova reuni\u00e3o realizada na Sala de Situa\u00e7\u00e3o do Pa\u00e7o Municipal, gestores municipais e t\u00e9cnicos apresentaram ao Grupo de Trabalho TEA o cronograma de a\u00e7\u00f5es a curto, m\u00e9dio e longo prazo, para o atendimento intersetorial de crian\u00e7as que apresentam Transtorno do Espectro Autista (TEA). A iniciativa mostra um avan\u00e7o na amplia\u00e7\u00e3o e desenvolvimento de pol\u00edticas p\u00fablicas.<\/p>\n\n\n\n<p>As a\u00e7\u00f5es est\u00e3o sendo desenvolvidas pelas Unidades de Gest\u00e3o de Educa\u00e7\u00e3o (UGE); Promo\u00e7\u00e3o de Sa\u00fade (UGPS); Assist\u00eancia e Desenvolvimento Social (UGADS); Esporte e Lazer (UGEL), por meio do Programa de Esportes e Atividades Motoras Adaptadas (PEAMA); e Desenvolvimento Econ\u00f4mico (UGDECT). O trabalho est\u00e1 sendo feito de maneira intersetorial, com foco no desenvolvimento global das crian\u00e7as.<\/p>\n\n\n\n<p>Como a\u00e7\u00f5es de curto prazo foi estabelecido a elabora\u00e7\u00e3o de um protocolo para avalia\u00e7\u00e3o da necessidade profissional de apoio escolar, amplia\u00e7\u00e3o do quadro de profissionais e do atendimento multidisciplinar, al\u00e9m de capacita\u00e7\u00f5es constantes dos servidores da educa\u00e7\u00e3o.&nbsp;<\/p>\n\n\n\n<p>Tamb\u00e9m est\u00e1 prevista a amplia\u00e7\u00e3o de conv\u00eanios com institui\u00e7\u00f5es de sa\u00fade especializadas na \u00e1rea, para garantir mais capacidade para atendimentos e diagn\u00f3sticos. Outro ponto importante \u00e9 o fortalecimento das a\u00e7\u00f5es na Aten\u00e7\u00e3o B\u00e1sica de Sa\u00fade. De m\u00e9dio prazo, destaque para a implanta\u00e7\u00e3o do Centro de Refer\u00eancia para atendimento de pessoas com TEA.\u00a0<\/p>\n\n\n\n<p>Na \u00e1rea da assist\u00eancia social, o principal avan\u00e7o ficou por conta do acompanhamento de adultos com TEA em vulnerabilidade por meio das atividades do Centro Dia para a Pessoa com Defici\u00eancia. J\u00e1 o PEAMA deve ampliar o atendimento a partir do segundo semestre. Por fim, a Unidade de Desenvolvimento Econ\u00f4mico ir\u00e1 desenvolver pol\u00edticas de incentivo ao empreendedorismo e cidadania.<\/p>\n\n\n<div class=\"wp-block-image\">\n<figure class=\"aligncenter size-large\"><img loading=\"lazy\" decoding=\"async\" width=\"1200\" height=\"801\" src=\"https:\/\/tvtecjundiai.com.br\/news\/wp-content\/uploads\/sites\/2\/2023\/06\/reuniao_pais_tea_pa-58-1280x854-1-1200x801.jpg\" alt=\"\" class=\"wp-image-111409\" srcset=\"https:\/\/tvtecjundiai.com.br\/news\/wp-content\/uploads\/sites\/2\/2023\/06\/reuniao_pais_tea_pa-58-1280x854-1-1200x801.jpg 1200w, https:\/\/tvtecjundiai.com.br\/news\/wp-content\/uploads\/sites\/2\/2023\/06\/reuniao_pais_tea_pa-58-1280x854-1-300x200.jpg 300w, https:\/\/tvtecjundiai.com.br\/news\/wp-content\/uploads\/sites\/2\/2023\/06\/reuniao_pais_tea_pa-58-1280x854-1-768x512.jpg 768w, https:\/\/tvtecjundiai.com.br\/news\/wp-content\/uploads\/sites\/2\/2023\/06\/reuniao_pais_tea_pa-58-1280x854-1.jpg 1280w\" sizes=\"auto, (max-width: 1200px) 100vw, 1200px\" \/><figcaption class=\"wp-element-caption\">Reuni\u00e3o com grupo de m\u00e3es auxilia no processo de amplia\u00e7\u00e3o e desenvolvimento de pol\u00edticas p\u00fablicas<\/figcaption><\/figure>\n<\/div>\n\n\n<p>\u201cPaulatinamente temos conquistado avan\u00e7os importantes no desenvolvimento e na amplia\u00e7\u00e3o da oferta de atendimento a pessoas com Transtorno do Espectro Autista. Seguiremos as discuss\u00f5es junto com os pais, profissionais de educa\u00e7\u00e3o, sa\u00fade, assist\u00eancia social e especialistas&nbsp; para continuar fortalecendo essas pol\u00edticas no munic\u00edpio\u201d, afirma o Gestor de Governo e Finan\u00e7as, Jos\u00e9 Antonio Parimoschi.<\/p>\n\n\n\n<p>Para uma das integrantes do GT, Sue Ane Santos, o espa\u00e7o aberto pela administra\u00e7\u00e3o para discuss\u00e3o \u00e9, al\u00e9m de in\u00e9dito, fundamental para o sucesso do projeto. \u201cVemos que as pol\u00edticas p\u00fablicas est\u00e3o evoluindo. Sabemos que o processo n\u00e3o acontecer\u00e1 do dia para a noite, mas a cada encontro saio mais contente pelos avan\u00e7os apresentados\u201d, comenta.<\/p>\n\n\n\n<p>Tamb\u00e9m participaram da reuni\u00e3o os gestores, Tiago Texera (Sa\u00fade) e Maria Brant (Assist\u00eancia e Desenvolvimento Social); o Diretor da UGDECT, J\u00falio Durante; o Assessor de Pol\u00edticas para a Pessoa com Defici\u00eancia, Marco Antonio dos Santos; a Diretora do Departamento de Educa\u00e7\u00e3o Inclusiva (DEIN), Karina Verardo Teodoro de Godoi; a especialista do Departamento de Regula\u00e7\u00e3o da Sa\u00fade, Elisa Cristina Siqueira Van Ginkel; o Coordenador de Aten\u00e7\u00e3o B\u00e1sica, Filipe Risso Firmino; o diretor do Departamento de Esporte Adaptado do PEAMA, Cesar Munir de Almeida; o Coordenador de Sa\u00fade Mental, Alexandre Sandri; a Assistente de Administra\u00e7\u00e3o, Tamires Arruda; e a enfermeira Suellen Mar\u00edlia de Souza Silva Melo.<\/p>\n\n\n\n<p>Pelo grupo de m\u00e3es tamb\u00e9m estavam presentes: Fernanda Torres Apollonio, Eliana de C\u00e1ssia Ferreira, Beverli Mendon\u00e7a Pinto, Jaqueline Assolini, Eliane Mainardi de Oliveira.<\/p>\n\n\n\n<p>O vereador Adriano Santana dos Santos, o Dika Xique-Xique, e sua Assessora Parlamentar, Aline Cristina Antonio de Souza, tamb\u00e9m participaram da reuni\u00e3o. No pr\u00f3ximo encontro, a Funda\u00e7\u00e3o TVTEC se juntar\u00e1 ao grupo para potencializar as a\u00e7\u00f5es que est\u00e3o sendo pensadas de forma intersetorial.<\/p>\n\n\n\n<p><em><strong>Fonte \/ Imagem: Prefeitura de Jundia\u00ed<\/strong><\/em><\/p>\n","protected":false},"excerpt":{"rendered":"<p>Reuni\u00e3o com grupo de m\u00e3es auxilia no processo de amplia\u00e7\u00e3o e desenvolvimento de pol\u00edticas p\u00fablicas<\/p>\n","protected":false},"author":30,"featured_media":111409,"comment_status":"closed","ping_status":"0","sticky":false,"template":"","format":"standard","meta":{"footnotes":""},"categories":[8356,1],"tags":[],"class_list":["post-111408","post","type-post","status-publish","format-standard","has-post-thumbnail","hentry","category-jundiai","category-noticias"],"_links":{"self":[{"href":"https:\/\/tvtecjundiai.com.br\/news\/wp-json\/wp\/v2\/posts\/111408","targetHints":{"allow":["GET"]}}],"collection":[{"href":"https:\/\/tvtecjundiai.com.br\/news\/wp-json\/wp\/v2\/posts"}],"about":[{"href":"https:\/\/tvtecjundiai.com.br\/news\/wp-json\/wp\/v2\/types\/post"}],"author":[{"embeddable":true,"href":"https:\/\/tvtecjundiai.com.br\/news\/wp-json\/wp\/v2\/users\/30"}],"replies":[{"embeddable":true,"href":"https:\/\/tvtecjundiai.com.br\/news\/wp-json\/wp\/v2\/comments?post=111408"}],"version-history":[{"count":1,"href":"https:\/\/tvtecjundiai.com.br\/news\/wp-json\/wp\/v2\/posts\/111408\/revisions"}],"predecessor-version":[{"id":111410,"href":"https:\/\/tvtecjundiai.com.br\/news\/wp-json\/wp\/v2\/posts\/111408\/revisions\/111410"}],"wp:featuredmedia":[{"embeddable":true,"href":"https:\/\/tvtecjundiai.com.br\/news\/wp-json\/wp\/v2\/media\/111409"}],"wp:attachment":[{"href":"https:\/\/tvtecjundiai.com.br\/news\/wp-json\/wp\/v2\/media?parent=111408"}],"wp:term":[{"taxonomy":"category","embeddable":true,"href":"https:\/\/tvtecjundiai.com.br\/news\/wp-json\/wp\/v2\/categories?post=111408"},{"taxonomy":"post_tag","embeddable":true,"href":"https:\/\/tvtecjundiai.com.br\/news\/wp-json\/wp\/v2\/tags?post=111408"}],"curies":[{"name":"wp","href":"https:\/\/api.w.org\/{rel}","templated":true}]}}