{"id":111438,"date":"2023-06-26T13:49:39","date_gmt":"2023-06-26T16:49:39","guid":{"rendered":"https:\/\/tvtecjundiai.com.br\/news\/?p=111438"},"modified":"2023-06-26T13:49:39","modified_gmt":"2023-06-26T16:49:39","slug":"mundo-das-criancas-e-cenario-para-gravacao-da-tv-cultura","status":"publish","type":"post","link":"https:\/\/tvtecjundiai.com.br\/news\/2023\/06\/26\/mundo-das-criancas-e-cenario-para-gravacao-da-tv-cultura\/","title":{"rendered":"Mundo das crian\u00e7as \u00e9 cen\u00e1rio para grava\u00e7\u00e3o da TV Cultura"},"content":{"rendered":"\n<p>O foguete, a cama el\u00e1stica, a casa na \u00e1rvore, a cama de gato e at\u00e9 as fontes interativas do Mundo das Crian\u00e7as foram cen\u00e1rios para a grava\u00e7\u00e3o do programa TV R\u00e1 Tim Bum, da TV Cultura, na semana passada. As grava\u00e7\u00f5es contaram com as crian\u00e7as da EMEB Pedro de Oliveira e EMEB Dina Rosete.<\/p>\n\n\n\n<p>A grava\u00e7\u00e3o \u00e9 voltada ao inter programa da TV CULTURA, em que incentiva a crian\u00e7a a se movimentar, divertir, explorar e criar mem\u00f3rias por meio da brincadeira. A escolha do espa\u00e7o p\u00fablico foi pensada justamente por conta da acessibilidade e disponibilidade dos pequenos em interagir com a natureza de forma segura e criativa.&nbsp;<\/p>\n\n\n<div class=\"wp-block-image\">\n<figure class=\"aligncenter size-large\"><img loading=\"lazy\" decoding=\"async\" width=\"1200\" height=\"801\" src=\"https:\/\/tvtecjundiai.com.br\/news\/wp-content\/uploads\/sites\/2\/2023\/06\/gravacao_tv-cultura_mundo-das-criancas_m_-58-1280x854-1-1200x801.jpg\" alt=\"\" class=\"wp-image-111439\" srcset=\"https:\/\/tvtecjundiai.com.br\/news\/wp-content\/uploads\/sites\/2\/2023\/06\/gravacao_tv-cultura_mundo-das-criancas_m_-58-1280x854-1-1200x801.jpg 1200w, https:\/\/tvtecjundiai.com.br\/news\/wp-content\/uploads\/sites\/2\/2023\/06\/gravacao_tv-cultura_mundo-das-criancas_m_-58-1280x854-1-300x200.jpg 300w, https:\/\/tvtecjundiai.com.br\/news\/wp-content\/uploads\/sites\/2\/2023\/06\/gravacao_tv-cultura_mundo-das-criancas_m_-58-1280x854-1-768x512.jpg 768w, https:\/\/tvtecjundiai.com.br\/news\/wp-content\/uploads\/sites\/2\/2023\/06\/gravacao_tv-cultura_mundo-das-criancas_m_-58-1280x854-1.jpg 1280w\" sizes=\"auto, (max-width: 1200px) 100vw, 1200px\" \/><figcaption class=\"wp-element-caption\">A participa\u00e7\u00e3o dos pequenos foi de extrema import\u00e2ncia, e eles adoraram interagir com toda a equipe.\u00a0<\/figcaption><\/figure>\n<\/div>\n\n\n<p>\u201cO objetivo das imagens \u00e9 transmitir com naturalidade a ess\u00eancia da inf\u00e2ncia por meio de brincadeiras ao ar livre, e o espa\u00e7o do Mundo das Crian\u00e7as se encaixou muito bem com o nosso roteiro. N\u00e3o precisamos ensaiar nada, foi s\u00f3 pedir para as crian\u00e7as brincarem de forma livre\u201d, explica o diretor Gert Seewald.\u00a0<\/p>\n\n\n\n<p>\u201cO Programa Escola Inovadora desenvolveu uma metodologia chamada Desemparedamento da Escola cuja premissa \u00e9 fazer com que as crian\u00e7as aprendam mais e melhor com a natureza. Certamente estar na natureza envolve o brincar ao ar livre o que nos traz a convic\u00e7\u00e3o que as inf\u00e2ncias s\u00e3o respeitadas em sua ess\u00eancia\u201d, conclui a Gestora de Educa\u00e7\u00e3o, Vast\u00ed Ferrari Marques.<\/p>\n\n\n\n<p><strong><em>Fonte \/ Imagem: Prefeitura de Jundia\u00ed<\/em><\/strong><\/p>\n","protected":false},"excerpt":{"rendered":"<p>A participa\u00e7\u00e3o dos pequenos foi de extrema import\u00e2ncia, e eles adoraram interagir com toda a equipe. <\/p>\n","protected":false},"author":30,"featured_media":111439,"comment_status":"closed","ping_status":"0","sticky":false,"template":"","format":"standard","meta":{"footnotes":""},"categories":[8356,1],"tags":[],"class_list":["post-111438","post","type-post","status-publish","format-standard","has-post-thumbnail","hentry","category-jundiai","category-noticias"],"_links":{"self":[{"href":"https:\/\/tvtecjundiai.com.br\/news\/wp-json\/wp\/v2\/posts\/111438","targetHints":{"allow":["GET"]}}],"collection":[{"href":"https:\/\/tvtecjundiai.com.br\/news\/wp-json\/wp\/v2\/posts"}],"about":[{"href":"https:\/\/tvtecjundiai.com.br\/news\/wp-json\/wp\/v2\/types\/post"}],"author":[{"embeddable":true,"href":"https:\/\/tvtecjundiai.com.br\/news\/wp-json\/wp\/v2\/users\/30"}],"replies":[{"embeddable":true,"href":"https:\/\/tvtecjundiai.com.br\/news\/wp-json\/wp\/v2\/comments?post=111438"}],"version-history":[{"count":1,"href":"https:\/\/tvtecjundiai.com.br\/news\/wp-json\/wp\/v2\/posts\/111438\/revisions"}],"predecessor-version":[{"id":111440,"href":"https:\/\/tvtecjundiai.com.br\/news\/wp-json\/wp\/v2\/posts\/111438\/revisions\/111440"}],"wp:featuredmedia":[{"embeddable":true,"href":"https:\/\/tvtecjundiai.com.br\/news\/wp-json\/wp\/v2\/media\/111439"}],"wp:attachment":[{"href":"https:\/\/tvtecjundiai.com.br\/news\/wp-json\/wp\/v2\/media?parent=111438"}],"wp:term":[{"taxonomy":"category","embeddable":true,"href":"https:\/\/tvtecjundiai.com.br\/news\/wp-json\/wp\/v2\/categories?post=111438"},{"taxonomy":"post_tag","embeddable":true,"href":"https:\/\/tvtecjundiai.com.br\/news\/wp-json\/wp\/v2\/tags?post=111438"}],"curies":[{"name":"wp","href":"https:\/\/api.w.org\/{rel}","templated":true}]}}